{"id":2529,"date":"2023-03-22T11:55:16","date_gmt":"2023-03-22T11:55:16","guid":{"rendered":"https:\/\/revistatrend.com\/?p=2529"},"modified":"2023-03-22T12:08:33","modified_gmt":"2023-03-22T12:08:33","slug":"kourtney-kardashian-zbulon-sekretet-e-fustanit-te-saj-te-frymezuar-nga-guns-n-roses","status":"publish","type":"post","link":"https:\/\/revistatrend.com\/index.php\/2023\/03\/22\/kourtney-kardashian-zbulon-sekretet-e-fustanit-te-saj-te-frymezuar-nga-guns-n-roses\/","title":{"rendered":"Kourtney Kardashian zbulon sekretet e fustanit t\u00eb saj t\u00eb frym\u00ebzuar nga Guns N&#8217; Roses."},"content":{"rendered":"\t\t<div data-elementor-type=\"wp-post\" data-elementor-id=\"2529\" class=\"elementor elementor-2529\">\n\t\t\t\t\t\t\t\t\t<section class=\"elementor-section elementor-top-section elementor-element elementor-element-7c13644f elementor-section-boxed elementor-section-height-default elementor-section-height-default\" data-id=\"7c13644f\" data-element_type=\"section\">\n\t\t\t\t\t\t<div class=\"elementor-container elementor-column-gap-default\">\n\t\t\t\t\t<div class=\"elementor-column elementor-col-100 elementor-top-column elementor-element elementor-element-90663e5\" data-id=\"90663e5\" data-element_type=\"column\">\n\t\t\t<div class=\"elementor-widget-wrap elementor-element-populated\">\n\t\t\t\t\t\t\t\t<div class=\"elementor-element elementor-element-50769386 elementor-widget elementor-widget-text-editor\" data-id=\"50769386\" data-element_type=\"widget\" data-widget_type=\"text-editor.default\">\n\t\t\t\t<div class=\"elementor-widget-container\">\n\t\t\t\t\t\t\t<p>Kourtney Kardashian ishte \u00e7do gj\u00eb tjet\u00ebr, ve\u00e7se m\u00eb pak interesante p\u00ebr t&#8217;u par\u00eb n\u00eb dit\u00ebn e saj t\u00eb dasm\u00ebs. Ylli i klanit Kardashians, e cila u martua me Travis Barker n\u00eb nj\u00eb ceremoni luksoze t\u00eb tret\u00eb n\u00eb Itali majin e kaluar, s\u00eb fundmi u rr\u00ebfye p\u00ebr fustanin e saj t\u00eb nus\u00ebris\u00eb shum\u00eb t\u00eb rreziksh\u00ebm dhe jo tradicionale.<br>&nbsp;&nbsp;<\/p>\n<p>&#8220;Travis dhe un\u00eb po shikonim videon e &#8216;N\u00ebntorit&#8217; t\u00eb Guns N&#8217; Roses nj\u00eb nat\u00eb para se t\u00eb fejoheshim,&#8221; shkroi themeluesja e Poosh n\u00eb Instagramin e saj m\u00eb 20 mars. &#8220;Dhe ne i tham\u00eb nj\u00ebri-tjetrit &#8216;Kjo duhet t\u00eb jet\u00eb dasma jon\u00eb&#8217;.<br><img fetchpriority=\"high\" decoding=\"async\" class=\"alignnone size-full wp-image-2530\" src=\"https:\/\/revistatrend.com\/wp-content\/uploads\/2023\/03\/rs_683x1024-220523043538-1024-kourtney-travis-wedding-ellen-von-unwerth-5-052322.jpg\" alt=\"\" width=\"683\" height=\"1024\" srcset=\"https:\/\/revistatrend.com\/wp-content\/uploads\/2023\/03\/rs_683x1024-220523043538-1024-kourtney-travis-wedding-ellen-von-unwerth-5-052322.jpg 683w, https:\/\/revistatrend.com\/wp-content\/uploads\/2023\/03\/rs_683x1024-220523043538-1024-kourtney-travis-wedding-ellen-von-unwerth-5-052322-200x300.jpg 200w, https:\/\/revistatrend.com\/wp-content\/uploads\/2023\/03\/rs_683x1024-220523043538-1024-kourtney-travis-wedding-ellen-von-unwerth-5-052322-150x225.jpg 150w, https:\/\/revistatrend.com\/wp-content\/uploads\/2023\/03\/rs_683x1024-220523043538-1024-kourtney-travis-wedding-ellen-von-unwerth-5-052322-450x675.jpg 450w\" sizes=\"(max-width: 683px) 100vw, 683px\" \/> <img decoding=\"async\" class=\"alignnone size-full wp-image-2532\" src=\"https:\/\/revistatrend.com\/wp-content\/uploads\/2023\/03\/rs_683x1024-220523043537-1024-kourtney-travis-wedding-ellen-von-unwerth-01-052322.jpg\" alt=\"\" width=\"683\" height=\"1024\" srcset=\"https:\/\/revistatrend.com\/wp-content\/uploads\/2023\/03\/rs_683x1024-220523043537-1024-kourtney-travis-wedding-ellen-von-unwerth-01-052322.jpg 683w, https:\/\/revistatrend.com\/wp-content\/uploads\/2023\/03\/rs_683x1024-220523043537-1024-kourtney-travis-wedding-ellen-von-unwerth-01-052322-200x300.jpg 200w, https:\/\/revistatrend.com\/wp-content\/uploads\/2023\/03\/rs_683x1024-220523043537-1024-kourtney-travis-wedding-ellen-von-unwerth-01-052322-150x225.jpg 150w, https:\/\/revistatrend.com\/wp-content\/uploads\/2023\/03\/rs_683x1024-220523043537-1024-kourtney-travis-wedding-ellen-von-unwerth-01-052322-450x675.jpg 450w\" sizes=\"(max-width: 683px) 100vw, 683px\" \/> <img decoding=\"async\" class=\"alignnone size-full wp-image-2533\" src=\"https:\/\/revistatrend.com\/wp-content\/uploads\/2023\/03\/rs_768x1024-220523043536-1024-kourtney-travis-wedding-ellen-von-unwerth-4-052322.jpg\" alt=\"\" width=\"768\" height=\"1024\" srcset=\"https:\/\/revistatrend.com\/wp-content\/uploads\/2023\/03\/rs_768x1024-220523043536-1024-kourtney-travis-wedding-ellen-von-unwerth-4-052322.jpg 768w, https:\/\/revistatrend.com\/wp-content\/uploads\/2023\/03\/rs_768x1024-220523043536-1024-kourtney-travis-wedding-ellen-von-unwerth-4-052322-225x300.jpg 225w, https:\/\/revistatrend.com\/wp-content\/uploads\/2023\/03\/rs_768x1024-220523043536-1024-kourtney-travis-wedding-ellen-von-unwerth-4-052322-150x200.jpg 150w, https:\/\/revistatrend.com\/wp-content\/uploads\/2023\/03\/rs_768x1024-220523043536-1024-kourtney-travis-wedding-ellen-von-unwerth-4-052322-450x600.jpg 450w\" sizes=\"(max-width: 768px) 100vw, 768px\" \/><br>Kourtney u t\u00ebrhoq menj\u00ebher\u00eb nga fustani i dasm\u00ebs q\u00eb aktorja ka n\u00eb videoklipin. \u201cAjo kishte veshur nj\u00eb fustan t\u00eb shkurt\u00ebr dhe un\u00eb mendova me vete \u2018M\u00eb duhet nj\u00eb fustan i shkurt\u00ebr!\u2019\u201d, ka treguar ajo.&nbsp;<\/p>\n<p>&nbsp; &#8220;Kam par\u00eb m\u00eb shum\u00eb fustane t\u00eb frym\u00ebzuara nga disa fushata t\u00eb viteve 1990 t\u00eb Monica Bellucci-t t\u00eb xhiruara nga Helmut Newton p\u00ebr Blumarine.&#8221;<br>N\u00eb at\u00eb koh\u00eb, ajo shk\u00ebmbeu betimet me nj\u00eb minifustan t\u00eb stilit t\u00eb t\u00eb brendshmeve nga Dolce &amp; Gabbana, i cili p\u00ebrbehej nga nj\u00eb bust korseje seksi, nj\u00eb dekolte t\u00eb zhytur dhe nj\u00eb material t\u00eb tejduksh\u00ebm dantelle q\u00eb e linte pjes\u00ebn e poshtme t\u00eb saj transparente.<br><br><\/p>\n<p>&nbsp; Vendndodhja e ceremonis\u00eb s\u00eb \u00e7iftit gjithashtu frym\u00ebzoi dizajnin e Kourtney.&nbsp;<span style=\"font-size: 16.604px; color: var(--c-contrast-800);\">\u201cKur e vendos\u00ebm se dasma jon\u00eb do t\u00eb b\u00ebhej n\u00eb Portofino, kjo ndikoi gjithashtu n\u00eb atmosfer\u00ebn dhe stilin e&nbsp;<\/span><span style=\"font-size: 16.604px; color: var(--c-contrast-800);\">veshjes\u201d, tha ajo. \u201cUn\u00eb gjithashtu doja t\u00eb ndihesha sikur ik\u00ebm n\u00eb Itali dhe u martuam dhe doja q\u00eb fustani&nbsp;<\/span><span style=\"font-size: 16.604px; color: var(--c-contrast-800);\">dhe dasma t\u00eb jepnin k\u00ebt\u00eb ndjesi!\u201d<\/span><\/p>\n<p>&nbsp; &nbsp;Teknikisht, \u00e7ifti e b\u00ebri k\u00ebt\u00eb kur u martuan n\u00eb nj\u00eb ceremoni surpriz\u00eb n\u00eb Las Vegas n\u00eb prill 2022. Veshja e nus\u00ebris\u00eb s\u00eb Kourtney nuk ishte e vetmja zgjedhje stilistike q\u00eb ajo b\u00ebri.<br>\u201cKur DolceGabbana sugjeroi t&#8217;i vinte tatuazhin e Travisit me kok\u00ebn e Virgj\u00ebresh\u00ebs Mari n\u00eb vellon e dantellave t\u00eb punuar me dor\u00eb me fjal\u00ebt nga tatuazhi i tij: familje, besnik\u00ebri, respekt, u drodha dhe e dija se sa e ve\u00e7ant\u00eb ishte kjo\u201d, shkroi ajo n\u00eb Instagram. \u201cE gjith\u00eb kjo ishte planifikuar dhe u b\u00eb realitet \u00ebndrra dhe un\u00eb jam shum\u00eb mir\u00ebnjoh\u00ebse p\u00ebr t\u00eb gjith\u00eb ata q\u00eb b\u00ebn\u00eb t\u00eb mundur p\u00ebr ta realizuar gjith\u00e7ka!\u201d<\/p>\t\t\t\t\t\t<\/div>\n\t\t\t\t<\/div>\n\t\t\t\t\t<\/div>\n\t\t<\/div>\n\t\t\t\t\t\t\t<\/div>\n\t\t<\/section>\n\t\t\t\t\t\t\t<\/div>\n\t\t","protected":false},"excerpt":{"rendered":"<p>Kourtney Kardashian ishte \u00e7do gj\u00eb tjet\u00ebr, ve\u00e7se m\u00eb pak interesante p\u00ebr t&#8217;u par\u00eb n\u00eb dit\u00ebn e saj t\u00eb dasm\u00ebs. Ylli i klanit Kardashians, e cila u martua me Travis Barker n\u00eb nj\u00eb ceremoni luksoze t\u00eb tret\u00eb n\u00eb Itali majin e kaluar, s\u00eb fundmi u rr\u00ebfye p\u00ebr fustanin e saj t\u00eb nus\u00ebris\u00eb shum\u00eb t\u00eb rreziksh\u00ebm dhe<\/p>\n","protected":false},"author":2,"featured_media":2531,"comment_status":"open","ping_status":"open","sticky":false,"template":"","format":"standard","meta":{"footnotes":""},"categories":[7],"tags":[],"class_list":{"0":"post-2529","1":"post","2":"type-post","3":"status-publish","4":"format-standard","5":"has-post-thumbnail","7":"category-fashion"},"_links":{"self":[{"href":"https:\/\/revistatrend.com\/index.php\/wp-json\/wp\/v2\/posts\/2529","targetHints":{"allow":["GET"]}}],"collection":[{"href":"https:\/\/revistatrend.com\/index.php\/wp-json\/wp\/v2\/posts"}],"about":[{"href":"https:\/\/revistatrend.com\/index.php\/wp-json\/wp\/v2\/types\/post"}],"author":[{"embeddable":true,"href":"https:\/\/revistatrend.com\/index.php\/wp-json\/wp\/v2\/users\/2"}],"replies":[{"embeddable":true,"href":"https:\/\/revistatrend.com\/index.php\/wp-json\/wp\/v2\/comments?post=2529"}],"version-history":[{"count":4,"href":"https:\/\/revistatrend.com\/index.php\/wp-json\/wp\/v2\/posts\/2529\/revisions"}],"predecessor-version":[{"id":2539,"href":"https:\/\/revistatrend.com\/index.php\/wp-json\/wp\/v2\/posts\/2529\/revisions\/2539"}],"wp:featuredmedia":[{"embeddable":true,"href":"https:\/\/revistatrend.com\/index.php\/wp-json\/wp\/v2\/media\/2531"}],"wp:attachment":[{"href":"https:\/\/revistatrend.com\/index.php\/wp-json\/wp\/v2\/media?parent=2529"}],"wp:term":[{"taxonomy":"category","embeddable":true,"href":"https:\/\/revistatrend.com\/index.php\/wp-json\/wp\/v2\/categories?post=2529"},{"taxonomy":"post_tag","embeddable":true,"href":"https:\/\/revistatrend.com\/index.php\/wp-json\/wp\/v2\/tags?post=2529"}],"curies":[{"name":"wp","href":"https:\/\/api.w.org\/{rel}","templated":true}]}}