{"id":2786,"date":"2023-03-28T01:46:26","date_gmt":"2023-03-28T01:46:26","guid":{"rendered":"https:\/\/revistatrend.com\/?p=2786"},"modified":"2023-03-28T01:48:19","modified_gmt":"2023-03-28T01:48:19","slug":"rikthehen-the-kardashians-sezoni-i-trete","status":"publish","type":"post","link":"https:\/\/revistatrend.com\/index.php\/2023\/03\/28\/rikthehen-the-kardashians-sezoni-i-trete\/","title":{"rendered":"Rikthehen &#8220;The Kardashians&#8221;: Sezoni i tret\u00eb"},"content":{"rendered":"\t\t<div data-elementor-type=\"wp-post\" data-elementor-id=\"2786\" class=\"elementor elementor-2786\">\n\t\t\t\t\t\t\t\t\t<section class=\"elementor-section elementor-top-section elementor-element elementor-element-47bbf1c7 elementor-section-boxed elementor-section-height-default elementor-section-height-default\" data-id=\"47bbf1c7\" data-element_type=\"section\">\n\t\t\t\t\t\t<div class=\"elementor-container elementor-column-gap-default\">\n\t\t\t\t\t<div class=\"elementor-column elementor-col-100 elementor-top-column elementor-element elementor-element-47feb83c\" data-id=\"47feb83c\" data-element_type=\"column\">\n\t\t\t<div class=\"elementor-widget-wrap elementor-element-populated\">\n\t\t\t\t\t\t\t\t<div class=\"elementor-element elementor-element-5646c9dc elementor-widget elementor-widget-text-editor\" data-id=\"5646c9dc\" data-element_type=\"widget\" data-widget_type=\"text-editor.default\">\n\t\t\t\t<div class=\"elementor-widget-container\">\n\t\t\t\t\t\t\t<p><img fetchpriority=\"high\" decoding=\"async\" class=\"alignnone size-full wp-image-2788\" src=\"https:\/\/revistatrend.com\/wp-content\/uploads\/2023\/03\/the-kardashians-hulu-teaser-trailer-video.jpg\" alt=\"\" width=\"1200\" height=\"879\" srcset=\"https:\/\/revistatrend.com\/wp-content\/uploads\/2023\/03\/the-kardashians-hulu-teaser-trailer-video.jpg 1200w, https:\/\/revistatrend.com\/wp-content\/uploads\/2023\/03\/the-kardashians-hulu-teaser-trailer-video-300x220.jpg 300w, https:\/\/revistatrend.com\/wp-content\/uploads\/2023\/03\/the-kardashians-hulu-teaser-trailer-video-1024x750.jpg 1024w, https:\/\/revistatrend.com\/wp-content\/uploads\/2023\/03\/the-kardashians-hulu-teaser-trailer-video-768x563.jpg 768w, https:\/\/revistatrend.com\/wp-content\/uploads\/2023\/03\/the-kardashians-hulu-teaser-trailer-video-150x110.jpg 150w, https:\/\/revistatrend.com\/wp-content\/uploads\/2023\/03\/the-kardashians-hulu-teaser-trailer-video-450x330.jpg 450w\" sizes=\"(max-width: 1200px) 100vw, 1200px\" \/>Data e premier\u00ebs s\u00eb sezonit 3 t\u00eb Kardashians u zbulua n\u00eb shfaqjen e par\u00eb dramatike<br \/>Kim Kardashian, Kylie Jenner, Scott Disick dhe shum\u00eb t\u00eb tjer\u00eb jan\u00eb rikthyer p\u00ebr sezonin e tret\u00eb t\u00eb The Kardashians, p\u00ebr t\u00eb cilin Khloe Kardashian premton se nuk do t\u00eb jet\u00eb i \u201cbut\u00eb\u201d.<br \/>Kardashian-Jenners jan\u00eb gati t\u00eb flasin p\u00ebr t\u00eb gjitha.<\/p><p>\u00a0 Sezoni i tret\u00eb i serialit t\u00eb familjes \u201cHulu The Kardashians\u201d do t\u00eb shfaqet premier\u00eb pas dy muajsh, m\u00eb sakt\u00eb m\u00eb 25 maj. Dhe skuadra \u2013 e cila p\u00ebrfshin Kris Jenner, Kourtney Kardashian, Kim Kardashian, Khloe Kardashian, Kendall Jenner, Kylie Jenner dhe Scott Disick \u2013 do dhurojn\u00eb \u201cdram\u00ebn\u201d. &#8220;Do t\u00eb doja t&#8217;ju them se ky do t\u00eb jet\u00eb nj\u00eb sezon i but\u00eb, relaksues dhe i qet\u00eb,&#8221; thot\u00eb Khloe n\u00eb trailer-in e publikuar m\u00eb 27 mars. &#8220;Nuk \u00ebsht\u00eb ashtu.&#8221; Dhe megjith\u00ebse ish-i Kourtney-t, Scott-i zotohet se &#8220;nuk ka par\u00eb kurr\u00eb kaq shum\u00eb dram\u00eb&#8221; n\u00eb jet\u00ebn e tij,<br \/>Kardashian-Jenners mbeten t\u00eb lidhur ngusht\u00eb si kurr\u00eb m\u00eb par\u00eb.<\/p><p>\u00a0<\/p><p>\u00a0 \u201cKamera kthehen teksa Kris, Kourtney, Kim, Khlo\u00e9, Kendall dhe Kylie i ftojn\u00eb shikuesit t\u00eb kthehen n\u00eb jet\u00ebn e tyre teksa lundrojn\u00eb n\u00eb am\u00ebsin\u00eb, bashk\u00ebprind\u00ebrimin dhe nd\u00ebrtimin e perandorive t\u00eb tyre\u201d, thuhet n\u00eb nj\u00eb p\u00ebrmbledhje p\u00ebr sezonin e ardhsh\u00ebm. &#8220;Marr\u00ebdh\u00ebnia e tyre do t\u00eb sprovohet dhe do t\u00eb lindin tensione, por si familje ata do t\u00eb q\u00ebndrojn\u00eb s\u00eb bashku gjat\u00eb v\u00ebshtir\u00ebsive.&#8221;<\/p><p>\u00a0 Kur u larguam nga Kardashian-Jenners n\u00eb fund t\u00eb sezonit t\u00eb dyt\u00eb n\u00eb n\u00ebntor 2022, Khloe sapo kishte mir\u00ebpritur nj\u00eb djal\u00eb me an\u00eb t\u00eb nj\u00eb surrogate me ishin-Tristan Thompson, pak pasi u zbulua skandali i tij i tradhtis\u00eb.<br \/>&#8220;Kjo ka qen\u00eb nj\u00eb koh\u00eb e v\u00ebshtir\u00eb n\u00eb jet\u00ebn time,&#8221; tha Khloe n\u00eb serial. \u201cPor \u00ebsht\u00eb fillimi i di\u00e7kaje pozitive, t\u00eb lumtur dhe t\u00eb bukur\u201d.<\/p><p>\u00a0 Dhe megjith\u00ebse nuk jan\u00eb bashk\u00eb n\u00eb m\u00ebnyr\u00eb romantike, Khloe dhe Tristan \u2013 t\u00eb cil\u00ebt kan\u00eb gjithashtu vajz\u00ebn 4-vje\u00e7are True Thompson \u2013 kan\u00eb mbetur t\u00eb bashkuar si prind\u00ebr. \u201cTi je me t\u00eb v\u00ebrtet\u00eb babai, v\u00ebllai dhe xhaxhai m\u00eb i mir\u00eb\u201d, i shkroi Khloe Tristanit n\u00eb urimin e dit\u00eblindjes s\u00eb tij m\u00eb 13 marsi.&#8221; (Tristan \u00ebsht\u00eb gjithashtu baba i djalit 6-vje\u00e7ar Prince, t\u00eb cilin e ndan me ish-Jordan Craig, dhe djalin 15-muajsh Theo, nga marr\u00ebdh\u00ebnia e tij me Maralee Nichols.)<\/p><p><span style=\"font-size: 16.604px; color: var(--c-contrast-800);\">\u00a0 \u00a0Sezoni i tret\u00eb i The Kardashians fillon m\u00eb 25 maj n\u00eb Hulu, me episode t\u00eb reja \u00e7do t\u00eb enjte.<\/span><\/p>\t\t\t\t\t\t<\/div>\n\t\t\t\t<\/div>\n\t\t\t\t\t<\/div>\n\t\t<\/div>\n\t\t\t\t\t\t\t<\/div>\n\t\t<\/section>\n\t\t\t\t\t\t\t<\/div>\n\t\t","protected":false},"excerpt":{"rendered":"<p>Data e premier\u00ebs s\u00eb sezonit 3 t\u00eb Kardashians u zbulua n\u00eb shfaqjen e par\u00eb dramatikeKim Kardashian, Kylie Jenner, Scott Disick dhe shum\u00eb t\u00eb tjer\u00eb jan\u00eb rikthyer p\u00ebr sezonin e tret\u00eb t\u00eb The Kardashians, p\u00ebr t\u00eb cilin Khloe Kardashian premton se nuk do t\u00eb jet\u00eb i \u201cbut\u00eb\u201d.Kardashian-Jenners jan\u00eb gati t\u00eb flasin p\u00ebr t\u00eb gjitha. \u00a0 Sezoni<\/p>\n","protected":false},"author":2,"featured_media":2791,"comment_status":"open","ping_status":"open","sticky":false,"template":"","format":"standard","meta":{"footnotes":""},"categories":[38],"tags":[],"class_list":{"0":"post-2786","1":"post","2":"type-post","3":"status-publish","4":"format-standard","5":"has-post-thumbnail","7":"category-reality-tv"},"_links":{"self":[{"href":"https:\/\/revistatrend.com\/index.php\/wp-json\/wp\/v2\/posts\/2786","targetHints":{"allow":["GET"]}}],"collection":[{"href":"https:\/\/revistatrend.com\/index.php\/wp-json\/wp\/v2\/posts"}],"about":[{"href":"https:\/\/revistatrend.com\/index.php\/wp-json\/wp\/v2\/types\/post"}],"author":[{"embeddable":true,"href":"https:\/\/revistatrend.com\/index.php\/wp-json\/wp\/v2\/users\/2"}],"replies":[{"embeddable":true,"href":"https:\/\/revistatrend.com\/index.php\/wp-json\/wp\/v2\/comments?post=2786"}],"version-history":[{"count":4,"href":"https:\/\/revistatrend.com\/index.php\/wp-json\/wp\/v2\/posts\/2786\/revisions"}],"predecessor-version":[{"id":2795,"href":"https:\/\/revistatrend.com\/index.php\/wp-json\/wp\/v2\/posts\/2786\/revisions\/2795"}],"wp:featuredmedia":[{"embeddable":true,"href":"https:\/\/revistatrend.com\/index.php\/wp-json\/wp\/v2\/media\/2791"}],"wp:attachment":[{"href":"https:\/\/revistatrend.com\/index.php\/wp-json\/wp\/v2\/media?parent=2786"}],"wp:term":[{"taxonomy":"category","embeddable":true,"href":"https:\/\/revistatrend.com\/index.php\/wp-json\/wp\/v2\/categories?post=2786"},{"taxonomy":"post_tag","embeddable":true,"href":"https:\/\/revistatrend.com\/index.php\/wp-json\/wp\/v2\/tags?post=2786"}],"curies":[{"name":"wp","href":"https:\/\/api.w.org\/{rel}","templated":true}]}}