{"id":2796,"date":"2023-03-28T01:59:03","date_gmt":"2023-03-28T01:59:03","guid":{"rendered":"https:\/\/revistatrend.com\/?p=2796"},"modified":"2023-03-28T02:00:58","modified_gmt":"2023-03-28T02:00:58","slug":"hailey-bieber-mbeshtet-selenen-publikisht","status":"publish","type":"post","link":"https:\/\/revistatrend.com\/index.php\/2023\/03\/28\/hailey-bieber-mbeshtet-selenen-publikisht\/","title":{"rendered":"Hailey Bieber mb\u00ebshtet Selen\u00ebn publikisht"},"content":{"rendered":"\t\t<div data-elementor-type=\"wp-post\" data-elementor-id=\"2796\" class=\"elementor elementor-2796\">\n\t\t\t\t\t\t\t\t\t<section class=\"elementor-section elementor-top-section elementor-element elementor-element-775e0fde elementor-section-boxed elementor-section-height-default elementor-section-height-default\" data-id=\"775e0fde\" data-element_type=\"section\">\n\t\t\t\t\t\t<div class=\"elementor-container elementor-column-gap-default\">\n\t\t\t\t\t<div class=\"elementor-column elementor-col-100 elementor-top-column elementor-element elementor-element-38b713b2\" data-id=\"38b713b2\" data-element_type=\"column\">\n\t\t\t<div class=\"elementor-widget-wrap elementor-element-populated\">\n\t\t\t\t\t\t\t\t<div class=\"elementor-element elementor-element-2b1d95b2 elementor-widget elementor-widget-text-editor\" data-id=\"2b1d95b2\" data-element_type=\"widget\" data-widget_type=\"text-editor.default\">\n\t\t\t\t<div class=\"elementor-widget-container\">\n\t\t\t\t\t\t\t<p>Pasi Hailey Bieber dhe Selena Gomez ndoq\u00ebn nj\u00ebra-tjetr\u00ebn n\u00eb Instagram, themeluesja e Rhode i tregoi pak dashuri themelueses s\u00eb Rare Beauty duke p\u00eblqyer foton e saj t\u00eb fundit me bikini.\u00a0<span style=\"font-size: 16.604px; color: var(--c-contrast-800);\">Pasi Selena Gomez postoi nj\u00eb foto ku shihet duke tundur flok\u00ebt bionde dhe me bikini,\u00a0<\/span><span style=\"font-size: 16.604px; color: var(--c-contrast-800);\">ajo mori l\u00ebvdata nga 405 milion\u00eb ndjek\u00ebsit e saj, duke p\u00ebrfshir\u00eb Hailey Bieber, e cila tregoi mb\u00ebshtetjen e saj\u00a0<\/span><span style=\"font-size: 16.604px; color: var(--c-contrast-800);\">me nj\u00eb like.\u00a0<\/span><span style=\"font-size: 16.604px; color: var(--c-contrast-800);\">\u201cTBT to blondie sel\u201d, ka shkruar Selena mbi foton. &#8220;Vera po vjen! Kaq shum\u00eb gj\u00ebra t\u00eb reja emocionuese po vijn\u00eb.&#8221;<\/span><\/p><p>\u00a0 \u00a0P\u00eblqimi i Hailey-t n\u00eb postim vjen pasi fansat spekuluan se Hailey, e cila \u00ebsht\u00eb e martuar me ish-in e Selen\u00ebs, Justin Bieber, dhe Kylie Jenner u tall\u00ebn me Selen\u00ebn. Dhe megjith\u00ebse Selena tha se thashethemet ishin &#8220;t\u00eb panevojshme&#8221; n\u00eb nj\u00eb TikTok t\u00eb 22 shkurtit, Hailey mori urrejtje n\u00eb internet p\u00ebr k\u00ebt\u00eb \u00e7\u00ebshtje.<br \/><br \/><\/p><p>\u00a0 \u00a0K\u00ebshtu, Selena i mori edhe nj\u00eb her\u00eb gj\u00ebrat n\u00eb duart e saj. \u201cHailey Bieber m\u00eb kontaktoi dhe m\u00eb b\u00ebri t\u00eb ditur se ajo ka marr\u00eb k\u00ebrc\u00ebnime me vdekje dhe nj\u00eb negativitet kaq t\u00eb urryer\u201d, shkroi Selena n\u00eb Historin\u00eb e saj n\u00eb Instagram m\u00eb 24 mars. &#8220;Kjo nuk \u00ebsht\u00eb ajo q\u00eb un\u00eb mb\u00ebshtes. Askush nuk duhet t\u00eb p\u00ebrjetoj\u00eb urrejtje ose ngacmim.&#8221;<br \/><br \/><\/p><p>\u00a0 \u00a0Hailey m\u00eb pas shkoi n\u00eb Historin\u00eb e saj n\u00eb Instagram me nj\u00eb postim mir\u00ebnjohjeje.<br \/>\u201cDua t\u00eb fal\u00ebnderoj Selen\u00ebn q\u00eb foli, pasi ajo dhe un\u00eb kemi diskutuar jav\u00ebt e fundit se si t\u00eb kalojm\u00eb k\u00ebt\u00eb ngjarje t\u00eb vazhdueshme mes saj dhe meje\u201d, shkroi 26-vje\u00e7arja m\u00eb von\u00eb po at\u00eb dit\u00eb. &#8220;Jav\u00ebt e fundit kan\u00eb qen\u00eb shum\u00eb t\u00eb v\u00ebshtira p\u00ebr t\u00eb gjith\u00eb t\u00eb p\u00ebrfshir\u00ebt dhe miliona njer\u00ebz po shohin kaq shum\u00eb urrejtje rreth k\u00ebsaj, e cila \u00ebsht\u00eb jasht\u00ebzakonisht e d\u00ebmshme.&#8221;<br \/><br \/><\/p><p>\u00a0 Hailey shtoi, &#8220;Gj\u00ebrat gjithmon\u00eb mund t\u00eb nxirren jasht\u00eb kontekstit ose t\u00eb thuhen ndryshe nga ato q\u00eb jan\u00eb. Ne t\u00eb\u00a0 gjith\u00eb duhet t\u00eb jemi m\u00eb t\u00eb kujdessh\u00ebm p\u00ebr at\u00eb q\u00eb postojm\u00eb dhe \u00e7far\u00eb themi, duke p\u00ebrfshir\u00eb edhe veten time.&#8221;<br \/><br \/><\/p><p>\u00a0 Keni nevoj\u00eb p\u00ebr prova t\u00eb m\u00ebtejshme se nuk ka p\u00ebr\u00e7arje mes tyre? T\u00eb mos harrojm\u00eb kur pozuan p\u00ebr nj\u00eb foto s\u00eb bashku n\u00eb Gala e Muzeut t\u00eb Akademis\u00eb 2022.<br \/><br \/><\/p><p>\u00a0 \u00a0\u201cAta donin t\u00eb tregonin se nuk ka v\u00ebrtet urrejtje mes tyre dhe se t\u00eb dy jan\u00eb n\u00eb nj\u00eb vend t\u00eb mir\u00eb\u201d, tha nj\u00eb burim i af\u00ebrt me Selen\u00ebn p\u00ebr E! \u201cIshte nj\u00eb moment dhe nj\u00eb mund\u00ebsi p\u00ebr ta l\u00ebn\u00eb pas gjith\u00eb zhurm\u00ebn dhe ata e shfryt\u00ebzuan at\u00eb.\u201d<\/p>\t\t\t\t\t\t<\/div>\n\t\t\t\t<\/div>\n\t\t\t\t\t<\/div>\n\t\t<\/div>\n\t\t\t\t\t\t\t<\/div>\n\t\t<\/section>\n\t\t\t\t\t\t\t<\/div>\n\t\t","protected":false},"excerpt":{"rendered":"<p>Pasi Hailey Bieber dhe Selena Gomez ndoq\u00ebn nj\u00ebra-tjetr\u00ebn n\u00eb Instagram, themeluesja e Rhode i tregoi pak dashuri themelueses s\u00eb Rare Beauty duke p\u00eblqyer foton e saj t\u00eb fundit me bikini.\u00a0Pasi Selena Gomez postoi nj\u00eb foto ku shihet duke tundur flok\u00ebt bionde dhe me bikini,\u00a0ajo mori l\u00ebvdata nga 405 milion\u00eb ndjek\u00ebsit e saj, duke p\u00ebrfshir\u00eb Hailey<\/p>\n","protected":false},"author":2,"featured_media":2800,"comment_status":"open","ping_status":"open","sticky":false,"template":"","format":"standard","meta":{"footnotes":""},"categories":[10],"tags":[],"class_list":{"0":"post-2796","1":"post","2":"type-post","3":"status-publish","4":"format-standard","5":"has-post-thumbnail","7":"category-showbiz"},"_links":{"self":[{"href":"https:\/\/revistatrend.com\/index.php\/wp-json\/wp\/v2\/posts\/2796","targetHints":{"allow":["GET"]}}],"collection":[{"href":"https:\/\/revistatrend.com\/index.php\/wp-json\/wp\/v2\/posts"}],"about":[{"href":"https:\/\/revistatrend.com\/index.php\/wp-json\/wp\/v2\/types\/post"}],"author":[{"embeddable":true,"href":"https:\/\/revistatrend.com\/index.php\/wp-json\/wp\/v2\/users\/2"}],"replies":[{"embeddable":true,"href":"https:\/\/revistatrend.com\/index.php\/wp-json\/wp\/v2\/comments?post=2796"}],"version-history":[{"count":8,"href":"https:\/\/revistatrend.com\/index.php\/wp-json\/wp\/v2\/posts\/2796\/revisions"}],"predecessor-version":[{"id":2809,"href":"https:\/\/revistatrend.com\/index.php\/wp-json\/wp\/v2\/posts\/2796\/revisions\/2809"}],"wp:featuredmedia":[{"embeddable":true,"href":"https:\/\/revistatrend.com\/index.php\/wp-json\/wp\/v2\/media\/2800"}],"wp:attachment":[{"href":"https:\/\/revistatrend.com\/index.php\/wp-json\/wp\/v2\/media?parent=2796"}],"wp:term":[{"taxonomy":"category","embeddable":true,"href":"https:\/\/revistatrend.com\/index.php\/wp-json\/wp\/v2\/categories?post=2796"},{"taxonomy":"post_tag","embeddable":true,"href":"https:\/\/revistatrend.com\/index.php\/wp-json\/wp\/v2\/tags?post=2796"}],"curies":[{"name":"wp","href":"https:\/\/api.w.org\/{rel}","templated":true}]}}