{"id":282,"date":"2021-01-14T17:46:34","date_gmt":"2021-01-14T17:46:34","guid":{"rendered":"https:\/\/smartmag.theme-sphere.com\/good-news\/could-2021-be-the-year-of-technology-for-your-family\/"},"modified":"2021-04-22T15:11:07","modified_gmt":"2021-04-22T15:11:07","slug":"could-2021-be-the-year-of-technology-for-your-family","status":"publish","type":"post","link":"https:\/\/revistatrend.com\/index.php\/2021\/01\/14\/could-2021-be-the-year-of-technology-for-your-family\/","title":{"rendered":"\u00c7far\u00eb mund t\u00eb m\u00ebsoj\u00eb industria e mod\u00ebs nga Apple"},"content":{"rendered":"\n<p>Style Points \u00ebsht\u00eb nj\u00eb kolon\u00eb javore p\u00ebr m\u00ebnyr\u00ebn se si moda kryq\u00ebzohet me bot\u00ebn e gjer\u00eb.<\/p>\n\n\n\n<p>&#8220;Karbon\u201d mund t\u00eb jet\u00eb fjala q\u00eb ndonj\u00ebher\u00eb nuk p\u00ebrputhen me industrin e mod\u00ebs, por gjat\u00eb viteve t\u00eb fundit ajo ka qen\u00eb n\u00eb qarkullim gati aq shpesh sa fjal\u00ebt e tjera t\u00eb preferuara t\u00eb mod\u00ebs. Gabriela Hearst dhe Gucci kan\u00eb mbajtur shfaqje t\u00eb pist\u00ebs asnjan\u00ebse t\u00eb karbonit dhe markat e shumta t\u00eb mod\u00ebs, p\u00ebrfshir\u00eb Burberry dhe De Beers, kan\u00eb njoftuar rrug\u00ebt e tyre ambicioze drejt neutralitetit t\u00eb karbonit<strong>.<\/strong><\/p>\n\n\n\n<p>Nj\u00eb nga nd\u00ebrmarrjet m\u00eb t\u00eb m\u00ebdha, m\u00eb t\u00eb reja n\u00eb k\u00ebt\u00eb sfer\u00eb vjen nga nj\u00eb kompani q\u00eb nuk \u00ebsht\u00eb teknikisht n\u00eb mod\u00eb &#8211; megjith\u00ebse linja legjendare e tregtis\u00eb s\u00eb viteve &#8217;80 pa dyshim q\u00eb ka nj\u00eb ndjek\u00ebs t\u00eb etur &#8211; dometh\u00ebn\u00eb, Apple. Por Apple ka v\u00ebmendjen e industris\u00eb s\u00eb mod\u00ebs, n\u00eb at\u00eb q\u00eb ndihet po aq si nj\u00eb kompani dizenjimi sa nj\u00eb kompani teknologjike, dhe shtytja e saj e q\u00ebndrueshm\u00ebris\u00eb mund t\u00eb ndikoj\u00eb q\u00eb projektuesit t\u00eb rimendojn\u00eb proceset e tyre. K\u00ebt\u00eb ver\u00eb, kompania u zotua t\u00eb sillte t\u00eb gjith\u00eb gjurm\u00ebn e saj t\u00eb karbonit n\u00eb zero deri n\u00eb 2030. Sot, nj\u00eb jav\u00eb para Dit\u00ebs s\u00eb Tok\u00ebs, ajo po zbulon nj\u00eb program gjith\u00ebp\u00ebrfshir\u00ebs t\u00eb quajtur Fondi i Rivendosjes, nj\u00eb iniciativ\u00eb e par\u00eb e k\u00ebtij lloji p\u00ebr heqjen e karbonit n\u00eb partneritet me Conservation International dhe Goldman Sachs. Fondi i Rivendosjes do t\u00eb investoj\u00eb n\u00eb pyjet q\u00eb punojn\u00eb si nj\u00eb form\u00eb e kapjes s\u00eb karbonit dhe do t\u00eb ndihmoj\u00eb n\u00eb rivendosjen e miliona hektar\u00eb tok\u00eb. (Apple m\u00eb par\u00eb ka punuar me CI n\u00eb projektet e ruajtjes dhe restaurimit n\u00eb Kolumbi dhe Kenia.)<\/p>\n\n\n\n<figure class=\"wp-block-image size-large\"><img fetchpriority=\"high\" decoding=\"async\" width=\"468\" height=\"312\" src=\"https:\/\/revistatrend.com\/wp-content\/uploads\/2021\/04\/fashion2-copy.jpg\" alt=\"\" class=\"wp-image-1566\" srcset=\"https:\/\/revistatrend.com\/wp-content\/uploads\/2021\/04\/fashion2-copy.jpg 468w, https:\/\/revistatrend.com\/wp-content\/uploads\/2021\/04\/fashion2-copy-300x200.jpg 300w, https:\/\/revistatrend.com\/wp-content\/uploads\/2021\/04\/fashion2-copy-150x100.jpg 150w, https:\/\/revistatrend.com\/wp-content\/uploads\/2021\/04\/fashion2-copy-450x300.jpg 450w\" sizes=\"(max-width: 468px) 100vw, 468px\" \/><\/figure>\n\n\n\n<p>-Lisa Jackson, n\u00ebnkryetarja e Apple p\u00ebr Mjedisin, Politikave dhe Nismave Sociale.<\/p>\n\n\n\n<p>Me t\u00eb gjitha zgjidhjet e klim\u00ebs t\u00eb drejtuara nga teknologjia atje, pem\u00ebt mund t\u00eb ndjehen si nj\u00eb anije \u00e7udit\u00ebrisht analoge p\u00ebr nj\u00eb kompani teknologjike p\u00ebr t\u00eb p\u00ebrqafuar, por Lisa Jackson, n\u00ebnkryetari e Apple p\u00ebr Mjedisin, Politikave dhe Nismave Sociale, i quan ata &#8220;teknologjia e natyr\u00ebs&#8221;. (Ajo nuk po e ekzagjeron: studiuesit kan\u00eb vler\u00ebsuar se pyjet tropikale mbajn\u00eb m\u00eb shum\u00eb karbon sesa kan\u00eb prodhuar emetimet e qymyrit, naft\u00ebs dhe gazit natyror n\u00eb 30 vitet e fundit.) &#8220;Ne dim\u00eb t\u00eb trajtojm\u00eb ndryshimin e klim\u00ebs&#8221;, Jackson, e cila m\u00eb par\u00eb ishte kreu i Agjencia e Mbrojtjes s\u00eb Mjedisit, thot\u00eb, &#8220;ne jo vet\u00ebm q\u00eb duhet t\u00eb ndalojm\u00eb emetimet e CO2, por duhet t\u00eb p\u00ebrpiqemi t\u00eb heqim nj\u00eb pjes\u00eb t\u00eb CO2 q\u00eb \u00ebsht\u00eb tashm\u00eb n\u00eb aj\u00ebr.&#8221; Fondi i Rivendosjes do t\u00eb b\u00ebj\u00eb pik\u00ebrisht at\u00eb, duke hequr nga atmosfera \u00e7do vit nj\u00eb milion metra dioksid karboni.<\/p>\n\n\n\n<figure class=\"wp-block-image size-large\"><img decoding=\"async\" width=\"936\" height=\"624\" src=\"https:\/\/revistatrend.com\/wp-content\/uploads\/2021\/04\/image-39.png\" alt=\"\" class=\"wp-image-1567\" srcset=\"https:\/\/revistatrend.com\/wp-content\/uploads\/2021\/04\/image-39.png 936w, https:\/\/revistatrend.com\/wp-content\/uploads\/2021\/04\/image-39-300x200.png 300w, https:\/\/revistatrend.com\/wp-content\/uploads\/2021\/04\/image-39-768x512.png 768w, https:\/\/revistatrend.com\/wp-content\/uploads\/2021\/04\/image-39-150x100.png 150w, https:\/\/revistatrend.com\/wp-content\/uploads\/2021\/04\/image-39-450x300.png 450w\" sizes=\"(max-width: 936px) 100vw, 936px\" \/><\/figure>\n\n\n\n<p>-The fashion crown is introduced to the Apple Watch at Colette in 2014.<\/p>\n\n\n\n<p>Apple ka qen\u00eb gjithmon\u00eb e lidhur me industrin\u00eb e mod\u00ebs, q\u00eb nga Premium Apple \u00cbatch deri tek t\u00eb brendshmit e mod\u00ebs n\u00eb butikun e dashur t\u00eb Parisit Colette n\u00eb 2014, apo duke fituar shum\u00eb adhurues t\u00eb mod\u00ebs me estetik\u00ebn e saj t\u00eb dizajnit, p\u00ebrfshir\u00eb Karl Lagerfeld dhe Tom Ford. Marka sponsorizoi nj\u00eb ekspozit\u00eb t\u00eb Institutit t\u00eb Kostumeve n\u00eb Metropolitan Museum of Art (&#8220;Manus x Machina&#8221; e p\u00ebrqendruar n\u00eb teknologjin\u00eb 2016) dhe bashk\u00ebpunoi me Herm\u00e8s n\u00eb Apple \u00cbatch. Por lidhja e saj m\u00eb e madhe me mod\u00ebn mund t\u00eb jet\u00eb nj\u00eb lidhje m\u00eb e gjer\u00eb &#8211; dominimi i dizajnit mbi \u00e7do aspekt.<\/p>\n\n\n\n<figure class=\"wp-block-image size-large\"><img decoding=\"async\" width=\"936\" height=\"608\" src=\"https:\/\/revistatrend.com\/wp-content\/uploads\/2021\/04\/image-40.png\" alt=\"\" class=\"wp-image-1568\" srcset=\"https:\/\/revistatrend.com\/wp-content\/uploads\/2021\/04\/image-40.png 936w, https:\/\/revistatrend.com\/wp-content\/uploads\/2021\/04\/image-40-300x195.png 300w, https:\/\/revistatrend.com\/wp-content\/uploads\/2021\/04\/image-40-768x499.png 768w, https:\/\/revistatrend.com\/wp-content\/uploads\/2021\/04\/image-40-150x97.png 150w, https:\/\/revistatrend.com\/wp-content\/uploads\/2021\/04\/image-40-450x292.png 450w\" sizes=\"(max-width: 936px) 100vw, 936px\" \/><\/figure>\n\n\n\n<p>-IPhone si aksesor \u00ebsht\u00eb i kudondodhur n\u00eb \u00e7do Jav\u00eb t\u00eb Mod\u00ebs.<\/p>\n\n\n\n<p>Ky fokus \u00ebsht\u00eb di\u00e7ka q\u00eb industria e mod\u00ebs, e cila \u00ebsht\u00eb kapur n\u00eb nj\u00eb moment t\u00eb s\u00eb v\u00ebrtet\u00ebs kur b\u00ebhet fjal\u00eb p\u00ebr praktikat e saj mjedisore, mund t\u00eb marr\u00eb disa m\u00ebsime. Modeluesja dhe eko-pioniere Stella McCartney thot\u00eb se ajo e sheh inovacionin e tipit q\u00eb kompanit\u00eb e teknologjis\u00eb po b\u00ebjn\u00eb si &#8220;e ardhmja e bised\u00ebs q\u00eb kemi filluar n\u00eb industrin\u00eb e mod\u00ebs shum\u00eb koh\u00eb m\u00eb par\u00eb&#8221;. Teknologjia i ka mund\u00ebsuar asaj q\u00eb t\u00eb p\u00ebrmbush\u00eb angazhimin e saj p\u00ebr t\u00eb punuar me produkte jo-shtazore. N\u00eb vend t\u00eb k\u00ebsaj, ajo thot\u00eb, &#8220;Un\u00eb kam qen\u00eb n\u00eb gjendje t\u00eb p\u00ebrt\u00ebrij dhe t\u00eb eksperimentoj me materiale t\u00eb reja, dhe kjo \u00ebsht\u00eb ajo q\u00eb m\u00eb duket v\u00ebrtet emocionuese.&#8221;<\/p>\n\n\n\n<p>Jackson b\u00ebn nj\u00eb paraleliz\u00ebm midis produkteve t\u00eb kompanis\u00eb dhe &#8220;pjes\u00ebve t\u00eb investimeve&#8221; n\u00eb mod\u00eb. \u201cNe i b\u00ebjm\u00eb k\u00ebto pajisje; njer\u00ebzit i p\u00ebrdorin ato; ata shpesh i shesin p\u00ebrs\u00ebri ose i kalojn\u00eb p\u00ebr nj\u00eb jet\u00eb t\u00eb gjat\u00eb pas jet\u00ebs s\u00eb par\u00eb, &#8220;thekson ajo. Por \u00ebsht\u00eb gjithashtu e r\u00ebnd\u00ebsishme t\u00eb siguroheni q\u00eb cikli i tyre i jet\u00ebs t\u00eb vazhdoj\u00eb p\u00ebrtej jet\u00ebs s\u00eb par\u00eb, prandaj Apple mban nj\u00eb program tregtimi dhe riciklimi dhe \u00e7monton dhe ri-p\u00ebrpunon materialet p\u00ebr ti kthyer n\u00eb produkte t\u00eb reja. &#8220;Kjo \u00ebsht\u00eb ajo ku un\u00eb mendoj se \u00e7do industri me t\u00eb v\u00ebrtet\u00eb duhet t\u00eb jet\u00eb e v\u00ebmendshme,&#8221; thot\u00eb Jackson.<\/p>\n\n\n\n<p>Dhe si markat e mod\u00ebs, Apple mb\u00ebshtetet n\u00eb nj\u00eb zinxhir t\u00eb nd\u00ebrlikuar furnizimi. Nj\u00eb shtr\u00ebngim i zakonsh\u00ebm q\u00eb kam d\u00ebgjuar nga dizajner\u00ebt \u00ebsht\u00eb se ata nuk kan\u00eb kontroll mbi furnizuesit e tyre. Por q\u00eb t\u00eb b\u00ebhesh me t\u00eb v\u00ebrtet\u00eb jeshile, thot\u00eb Jackson, duhet t\u00eb marr\u00ebsh n\u00eb pyetje \u00e7do hap gjat\u00eb rrug\u00ebs, p\u00ebr k\u00ebt\u00eb arsye ajo dhe ekipi i saj u ngrit\u00ebn sistematikisht, duke ekzaminuar secilin furnizues me t\u00eb cilin punojn\u00eb dhe duke zhvilluar biseda me ta n\u00eb lidhje me gjelb\u00ebrimin e m\u00ebnyr\u00ebs se si b\u00ebjn\u00eb biznes.<\/p>\n\n\n\n<p>&nbsp;&#8220;Nj\u00eb avantazh q\u00eb Apple ka \u00ebsht\u00eb nj\u00eb histori e gjat\u00eb t\u00eb pun\u00ebs pothuajse krah p\u00ebr krah me furnitor\u00ebt p\u00ebr t&#8217;u siguruar q\u00eb t\u00eb marrim at\u00eb q\u00eb na nevojitet prej tyre.&#8221; ajo thot\u00eb.<\/p>\n\n\n\n<p>N\u00eb vend q\u00eb t\u00eb mbaj\u00eb sekretet e saj t\u00eb gjelb\u00ebrta p\u00ebr vete, kompania \u00ebsht\u00eb duke treguar transparenc\u00eb n\u00eb lidhje me procesin e saj me shpres\u00ebn se t\u00eb tjer\u00ebt do t\u00eb ndjekin shembullin. &#8220;\u00c7do industri tjet\u00ebr \u00ebsht\u00eb dashur t\u00eb v\u00eb n\u00eb dyshim se si prodhojn\u00eb dhe industria e mod\u00ebs ka ende shum\u00eb pun\u00eb p\u00ebr t\u00eb b\u00ebr\u00eb&#8221;, thot\u00eb McCartney. &#8220;Duhet t\u00eb mendojm\u00eb ndryshe, n\u00eb m\u00ebnyr\u00eb q\u00eb t\u00eb mos mbetemi pas. Un\u00eb shpresoj, q\u00eb p\u00ebrqafoj\u00eb teknologji t\u00eb reja, q\u00eb ne mund t\u00eb krijojm\u00eb ndryshime t\u00eb v\u00ebrteta n\u00eb nj\u00eb industrin\u00eb e mod\u00ebs&#8221;<\/p>\n\n\n\n<figure class=\"wp-block-image size-large\"><img loading=\"lazy\" decoding=\"async\" width=\"936\" height=\"624\" src=\"https:\/\/revistatrend.com\/wp-content\/uploads\/2021\/04\/image-41.png\" alt=\"\" class=\"wp-image-1569\" srcset=\"https:\/\/revistatrend.com\/wp-content\/uploads\/2021\/04\/image-41.png 936w, https:\/\/revistatrend.com\/wp-content\/uploads\/2021\/04\/image-41-300x200.png 300w, https:\/\/revistatrend.com\/wp-content\/uploads\/2021\/04\/image-41-768x512.png 768w, https:\/\/revistatrend.com\/wp-content\/uploads\/2021\/04\/image-41-150x100.png 150w, https:\/\/revistatrend.com\/wp-content\/uploads\/2021\/04\/image-41-450x300.png 450w\" sizes=\"(max-width: 936px) 100vw, 936px\" \/><\/figure>\n\n\n\n<p>-Lisa Jackson e Apple i quan pem\u00ebt &#8220;teknologjia e natyr\u00ebs&#8221;.-<\/p>\n","protected":false},"excerpt":{"rendered":"<p>Style Points \u00ebsht\u00eb nj\u00eb kolon\u00eb javore p\u00ebr m\u00ebnyr\u00ebn se si moda kryq\u00ebzohet me bot\u00ebn e gjer\u00eb. &#8220;Karbon\u201d mund t\u00eb jet\u00eb fjala q\u00eb ndonj\u00ebher\u00eb nuk p\u00ebrputhen me industrin e mod\u00ebs, por gjat\u00eb viteve t\u00eb fundit ajo ka qen\u00eb n\u00eb qarkullim gati aq shpesh sa fjal\u00ebt e tjera t\u00eb preferuara t\u00eb mod\u00ebs. Gabriela Hearst dhe Gucci kan\u00eb<\/p>\n","protected":false},"author":1,"featured_media":1564,"comment_status":"open","ping_status":"open","sticky":false,"template":"","format":"standard","meta":{"footnotes":""},"categories":[7],"tags":[],"class_list":{"0":"post-282","1":"post","2":"type-post","3":"status-publish","4":"format-standard","5":"has-post-thumbnail","7":"category-fashion"},"_links":{"self":[{"href":"https:\/\/revistatrend.com\/index.php\/wp-json\/wp\/v2\/posts\/282","targetHints":{"allow":["GET"]}}],"collection":[{"href":"https:\/\/revistatrend.com\/index.php\/wp-json\/wp\/v2\/posts"}],"about":[{"href":"https:\/\/revistatrend.com\/index.php\/wp-json\/wp\/v2\/types\/post"}],"author":[{"embeddable":true,"href":"https:\/\/revistatrend.com\/index.php\/wp-json\/wp\/v2\/users\/1"}],"replies":[{"embeddable":true,"href":"https:\/\/revistatrend.com\/index.php\/wp-json\/wp\/v2\/comments?post=282"}],"version-history":[{"count":2,"href":"https:\/\/revistatrend.com\/index.php\/wp-json\/wp\/v2\/posts\/282\/revisions"}],"predecessor-version":[{"id":1570,"href":"https:\/\/revistatrend.com\/index.php\/wp-json\/wp\/v2\/posts\/282\/revisions\/1570"}],"wp:featuredmedia":[{"embeddable":true,"href":"https:\/\/revistatrend.com\/index.php\/wp-json\/wp\/v2\/media\/1564"}],"wp:attachment":[{"href":"https:\/\/revistatrend.com\/index.php\/wp-json\/wp\/v2\/media?parent=282"}],"wp:term":[{"taxonomy":"category","embeddable":true,"href":"https:\/\/revistatrend.com\/index.php\/wp-json\/wp\/v2\/categories?post=282"},{"taxonomy":"post_tag","embeddable":true,"href":"https:\/\/revistatrend.com\/index.php\/wp-json\/wp\/v2\/tags?post=282"}],"curies":[{"name":"wp","href":"https:\/\/api.w.org\/{rel}","templated":true}]}}