{"id":2863,"date":"2023-03-30T14:20:16","date_gmt":"2023-03-30T14:20:16","guid":{"rendered":"https:\/\/revistatrend.com\/?p=2863"},"modified":"2023-03-30T14:24:31","modified_gmt":"2023-03-30T14:24:31","slug":"olta-per-luzin-ai-eshte-kafshe","status":"publish","type":"post","link":"https:\/\/revistatrend.com\/index.php\/2023\/03\/30\/olta-per-luzin-ai-eshte-kafshe\/","title":{"rendered":"Olta p\u00ebr Luzin: Ai \u00ebsht\u00eb &#8220;kafsh\u00eb&#8221;"},"content":{"rendered":"\t\t<div data-elementor-type=\"wp-post\" data-elementor-id=\"2863\" class=\"elementor elementor-2863\">\n\t\t\t\t\t\t\t\t\t<section class=\"elementor-section elementor-top-section elementor-element elementor-element-35d269b1 elementor-section-boxed elementor-section-height-default elementor-section-height-default\" data-id=\"35d269b1\" data-element_type=\"section\">\n\t\t\t\t\t\t<div class=\"elementor-container elementor-column-gap-default\">\n\t\t\t\t\t<div class=\"elementor-column elementor-col-100 elementor-top-column elementor-element elementor-element-1e591a5a\" data-id=\"1e591a5a\" data-element_type=\"column\">\n\t\t\t<div class=\"elementor-widget-wrap elementor-element-populated\">\n\t\t\t\t\t\t\t\t<div class=\"elementor-element elementor-element-127e5220 elementor-widget elementor-widget-text-editor\" data-id=\"127e5220\" data-element_type=\"widget\" data-widget_type=\"text-editor.default\">\n\t\t\t\t<div class=\"elementor-widget-container\">\n\t\t\t\t\t\t\t<p>Olta dhe Luizi jan\u00eb \u201cftohur\u201d s\u00eb fundmi, kur ky i fundit ka zgjedhur \u201cta injoroj\u00eb\u201d duke i folur keq, ose ashp\u00ebr. Olt\u00ebn e shohim shpesh duke diskutuar me Qetsorin, ish fituesin e Big Brother 2.<br>&nbsp; &nbsp;<\/p>\n<p>&nbsp; &nbsp; Gjat\u00eb nj\u00eb bisede t\u00eb fundit, ajo diskuton me t\u00eb p\u00ebr sjelljen e Luzit. Ajo \u00ebsht\u00eb shprehur<br>e m\u00ebrzitur p\u00ebr sjelljen e tij kundrejt saj duke e quajtur \u201ckafsh\u00eb\u201d dhe njeri t\u00eb keq.<br>Ajo ka th\u00ebn\u00eb se Luizi nuk ka logjik\u00eb njer\u00ebzore, b\u00ebn thjesht strategji.<\/p>\n<p><span style=\"font-size: 16.604px; color: var(--c-contrast-800);\">&nbsp; &nbsp; Prej dit\u00ebsh Olta u ka th\u00ebn\u00eb banor\u00ebve se ata kan\u00eb frik\u00eb t\u00eb merren me Luizin dhe e vetmja q\u00eb i b\u00ebn ball\u00eb atij, \u00ebsht\u00eb vet\u00ebm ajo.&nbsp;<\/span><span style=\"font-size: 16.604px; color: var(--c-contrast-800);\">Olta shtoi se t\u00eb gjith\u00eb banor\u00ebt e kan\u00eb frik\u00eb, por ajo jo. Ajo shprehu se \u00ebsht\u00eb Luizi q\u00eb ka frik\u00eb nga&nbsp;<\/span><span style=\"font-size: 16.604px; color: var(--c-contrast-800);\">pyetjet q\u00eb ajo i b\u00ebn dhe zgjedh t\u00eb shmanget e mos t\u2019i flas\u00eb.<\/span><\/p>\n<p>&nbsp; &nbsp; Sipas saj, banor\u00ebt nuk duan t\u00eb p\u00ebrballen me Luzin dhe shmangin \u00e7do debat me t\u00eb.<br>Megjith\u00ebse dhe Olta kur flet me luizin \u00ebsht\u00eb ndryshe n\u00eb lidhje me banor\u00ebt e tjer\u00eb. Kemi nj\u00eb Olta m\u00eb t\u00eb but\u00eb dhe me t\u00eb qet\u00eb, gj\u00eb q\u00eb duket shum\u00eb larg karakterit t\u00eb saj t\u00eb rr\u00ebmbyesh\u00ebm.<\/p>\t\t\t\t\t\t<\/div>\n\t\t\t\t<\/div>\n\t\t\t\t\t<\/div>\n\t\t<\/div>\n\t\t\t\t\t\t\t<\/div>\n\t\t<\/section>\n\t\t\t\t\t\t\t<\/div>\n\t\t","protected":false},"excerpt":{"rendered":"<p>Olta dhe Luizi jan\u00eb \u201cftohur\u201d s\u00eb fundmi, kur ky i fundit ka zgjedhur \u201cta injoroj\u00eb\u201d duke i folur keq, ose ashp\u00ebr. Olt\u00ebn e shohim shpesh duke diskutuar me Qetsorin, ish fituesin e Big Brother 2.&nbsp; &nbsp; &nbsp; &nbsp; Gjat\u00eb nj\u00eb bisede t\u00eb fundit, ajo diskuton me t\u00eb p\u00ebr sjelljen e Luzit. Ajo \u00ebsht\u00eb shprehure m\u00ebrzitur<\/p>\n","protected":false},"author":2,"featured_media":2864,"comment_status":"open","ping_status":"open","sticky":false,"template":"","format":"standard","meta":{"footnotes":""},"categories":[10],"tags":[],"class_list":{"0":"post-2863","1":"post","2":"type-post","3":"status-publish","4":"format-standard","5":"has-post-thumbnail","7":"category-showbiz"},"_links":{"self":[{"href":"https:\/\/revistatrend.com\/index.php\/wp-json\/wp\/v2\/posts\/2863","targetHints":{"allow":["GET"]}}],"collection":[{"href":"https:\/\/revistatrend.com\/index.php\/wp-json\/wp\/v2\/posts"}],"about":[{"href":"https:\/\/revistatrend.com\/index.php\/wp-json\/wp\/v2\/types\/post"}],"author":[{"embeddable":true,"href":"https:\/\/revistatrend.com\/index.php\/wp-json\/wp\/v2\/users\/2"}],"replies":[{"embeddable":true,"href":"https:\/\/revistatrend.com\/index.php\/wp-json\/wp\/v2\/comments?post=2863"}],"version-history":[{"count":4,"href":"https:\/\/revistatrend.com\/index.php\/wp-json\/wp\/v2\/posts\/2863\/revisions"}],"predecessor-version":[{"id":2868,"href":"https:\/\/revistatrend.com\/index.php\/wp-json\/wp\/v2\/posts\/2863\/revisions\/2868"}],"wp:featuredmedia":[{"embeddable":true,"href":"https:\/\/revistatrend.com\/index.php\/wp-json\/wp\/v2\/media\/2864"}],"wp:attachment":[{"href":"https:\/\/revistatrend.com\/index.php\/wp-json\/wp\/v2\/media?parent=2863"}],"wp:term":[{"taxonomy":"category","embeddable":true,"href":"https:\/\/revistatrend.com\/index.php\/wp-json\/wp\/v2\/categories?post=2863"},{"taxonomy":"post_tag","embeddable":true,"href":"https:\/\/revistatrend.com\/index.php\/wp-json\/wp\/v2\/tags?post=2863"}],"curies":[{"name":"wp","href":"https:\/\/api.w.org\/{rel}","templated":true}]}}