{"id":2882,"date":"2023-03-30T14:47:09","date_gmt":"2023-03-30T14:47:09","guid":{"rendered":"https:\/\/revistatrend.com\/?p=2882"},"modified":"2023-03-30T14:48:51","modified_gmt":"2023-03-30T14:48:51","slug":"prit-pak-selena-gomez-me-asistenten-e-zayn-malik","status":"publish","type":"post","link":"https:\/\/revistatrend.com\/index.php\/2023\/03\/30\/prit-pak-selena-gomez-me-asistenten-e-zayn-malik\/","title":{"rendered":"Prit pak: Selena Gomez me asistenten e Zayn Malik?"},"content":{"rendered":"\t\t<div data-elementor-type=\"wp-post\" data-elementor-id=\"2882\" class=\"elementor elementor-2882\">\n\t\t\t\t\t\t\t\t\t<section class=\"elementor-section elementor-top-section elementor-element elementor-element-7ae34c9c elementor-section-boxed elementor-section-height-default elementor-section-height-default\" data-id=\"7ae34c9c\" data-element_type=\"section\">\n\t\t\t\t\t\t<div class=\"elementor-container elementor-column-gap-default\">\n\t\t\t\t\t<div class=\"elementor-column elementor-col-100 elementor-top-column elementor-element elementor-element-5e2b2fb9\" data-id=\"5e2b2fb9\" data-element_type=\"column\">\n\t\t\t<div class=\"elementor-widget-wrap elementor-element-populated\">\n\t\t\t\t\t\t\t\t<div class=\"elementor-element elementor-element-6156f2d0 elementor-widget elementor-widget-text-editor\" data-id=\"6156f2d0\" data-element_type=\"widget\" data-widget_type=\"text-editor.default\">\n\t\t\t\t<div class=\"elementor-widget-container\">\n\t\t\t\t\t\t\t<p>Selena Gomez \u00ebsht\u00eb par\u00eb me asistenten personal t\u00eb Zayn Malik, Taryn Zimmerman n\u00eb NYC&#8230; mes pretendimeve se ajo \u00ebsht\u00eb n\u00eb lidhje me ish-k\u00ebng\u00ebtarin e One Direction.<br>Selena Gomez \u00ebsht\u00eb par\u00eb me nj\u00eb njeri q\u00eb \u00ebsht\u00eb shum\u00eb i af\u00ebrt me dashurin\u00eb e saj t\u00eb re t\u00eb aluduar, Zayn Malik.<\/p>\n<p>&nbsp; &nbsp; Jav\u00ebn e kaluar k\u00ebng\u00ebtarja e &#8220;Fetish&#8221; u pa duke ecur pran\u00eb asistentit personal t\u00eb Zayn, Taryn Zimmerman n\u00eb qytetin e Nju Jorkut.&nbsp;<span style=\"font-size: 16.604px; color: var(--c-contrast-800);\">Ato ishin krah p\u00ebr krah jasht\u00eb restorantit japonez &#8220;Nobu&#8221;.<\/span><\/p>\n<p>&nbsp; &nbsp;Kjo vjen vet\u00ebm disa dit\u00eb p\u00ebrpara se ylli i &#8220;Only Murders In The Building&#8221;<br>t\u00eb shihej n\u00eb nj\u00eb takim sekret me Malik, 30 vje\u00e7.<\/p>\n<p>&nbsp; &nbsp;K\u00ebng\u00ebtarja e \u201cLose You to Love Me\u201d thuhet se \u00ebsht\u00eb par\u00eb \u2018duke mbajtur duart dhe duke u puthur\u2019 n\u00eb nj\u00eb takim romantik me ish-k\u00ebng\u00ebtarin e One Direction.&nbsp;<span style=\"font-size: 16.604px; color: var(--c-contrast-800);\">Lidhja e saj m\u00eb e gjat\u00eb ishte nj\u00eb romanc\u00eb tet\u00eb-vje\u00e7are me Justin Bieber, e cila p\u00ebrfundoi n\u00eb maj 2018.<\/span><\/p>\n<p>Selena ishte veshur thjesht\u00eb kur ishte me Taryn.<\/p>\t\t\t\t\t\t<\/div>\n\t\t\t\t<\/div>\n\t\t\t\t\t<\/div>\n\t\t<\/div>\n\t\t\t\t\t\t\t<\/div>\n\t\t<\/section>\n\t\t\t\t\t\t\t<\/div>\n\t\t","protected":false},"excerpt":{"rendered":"<p>Selena Gomez \u00ebsht\u00eb par\u00eb me asistenten personal t\u00eb Zayn Malik, Taryn Zimmerman n\u00eb NYC&#8230; mes pretendimeve se ajo \u00ebsht\u00eb n\u00eb lidhje me ish-k\u00ebng\u00ebtarin e One Direction.Selena Gomez \u00ebsht\u00eb par\u00eb me nj\u00eb njeri q\u00eb \u00ebsht\u00eb shum\u00eb i af\u00ebrt me dashurin\u00eb e saj t\u00eb re t\u00eb aluduar, Zayn Malik. &nbsp; &nbsp; Jav\u00ebn e kaluar k\u00ebng\u00ebtarja e &#8220;Fetish&#8221;<\/p>\n","protected":false},"author":2,"featured_media":2883,"comment_status":"open","ping_status":"open","sticky":false,"template":"","format":"standard","meta":{"footnotes":""},"categories":[10],"tags":[],"class_list":{"0":"post-2882","1":"post","2":"type-post","3":"status-publish","4":"format-standard","5":"has-post-thumbnail","7":"category-showbiz"},"_links":{"self":[{"href":"https:\/\/revistatrend.com\/index.php\/wp-json\/wp\/v2\/posts\/2882","targetHints":{"allow":["GET"]}}],"collection":[{"href":"https:\/\/revistatrend.com\/index.php\/wp-json\/wp\/v2\/posts"}],"about":[{"href":"https:\/\/revistatrend.com\/index.php\/wp-json\/wp\/v2\/types\/post"}],"author":[{"embeddable":true,"href":"https:\/\/revistatrend.com\/index.php\/wp-json\/wp\/v2\/users\/2"}],"replies":[{"embeddable":true,"href":"https:\/\/revistatrend.com\/index.php\/wp-json\/wp\/v2\/comments?post=2882"}],"version-history":[{"count":4,"href":"https:\/\/revistatrend.com\/index.php\/wp-json\/wp\/v2\/posts\/2882\/revisions"}],"predecessor-version":[{"id":2887,"href":"https:\/\/revistatrend.com\/index.php\/wp-json\/wp\/v2\/posts\/2882\/revisions\/2887"}],"wp:featuredmedia":[{"embeddable":true,"href":"https:\/\/revistatrend.com\/index.php\/wp-json\/wp\/v2\/media\/2883"}],"wp:attachment":[{"href":"https:\/\/revistatrend.com\/index.php\/wp-json\/wp\/v2\/media?parent=2882"}],"wp:term":[{"taxonomy":"category","embeddable":true,"href":"https:\/\/revistatrend.com\/index.php\/wp-json\/wp\/v2\/categories?post=2882"},{"taxonomy":"post_tag","embeddable":true,"href":"https:\/\/revistatrend.com\/index.php\/wp-json\/wp\/v2\/tags?post=2882"}],"curies":[{"name":"wp","href":"https:\/\/api.w.org\/{rel}","templated":true}]}}