{"id":2906,"date":"2023-04-12T20:36:05","date_gmt":"2023-04-12T20:36:05","guid":{"rendered":"https:\/\/revistatrend.com\/?p=2906"},"modified":"2023-04-12T20:54:57","modified_gmt":"2023-04-12T20:54:57","slug":"dojna-mema-e-zhgenjyer-nga-programet-shqiptare-do-te-rikthehem-se-shpejti","status":"publish","type":"post","link":"https:\/\/revistatrend.com\/index.php\/2023\/04\/12\/dojna-mema-e-zhgenjyer-nga-programet-shqiptare-do-te-rikthehem-se-shpejti\/","title":{"rendered":"Dojna Mema e zhg\u00ebnjyer nga programet shqiptare: Do t\u00eb rikthehem s\u00eb shpejti"},"content":{"rendered":"<p>Dojna Mema pas nj\u00eb pauze t\u00eb gjat\u00eb n\u00eb ekran u ka dh\u00ebn\u00eb mund\u00ebsi ndjek\u00ebsve ta pyesin n\u00eb Instagram rreth kurioziteteve t\u00eb ndryshme rreth saj, ku sigurisht, nuk ka munguar pyetja: \u201cKur do t\u00eb rikthehesh n\u00eb ekran\u201d.<\/p>\n<p>Dojna Mema ishte p\u00ebr her\u00eb t\u00eb fundit prezantuese e \u201cBig Brother Fan Club 1\u201d, nd\u00ebrsa m\u00eb von\u00eb u shk\u00ebput nga ekrani pas ardhjes n\u00eb jet\u00eb t\u00eb f\u00ebmij\u00ebs s\u00eb saj t\u00eb par\u00eb, Nolan Sol.<\/p>\n<p>Pas pyetjes s\u00eb ndjek\u00ebsve ajo premtoi se s\u00eb shpejti do ta shohim n\u00eb ekran me nj\u00eb program t\u00eb ri, megjithat\u00eb nuk nguron t\u00eb shprehet kritike p\u00ebr programet aktuale duke cituar se nuk e stimulojn\u00eb aspak.<\/p>\n<p><em>\u201cAjo q\u00eb po ndodh aktualisht n\u00eb media nuk \u00ebsht\u00eb situata m\u00eb stimuluese p\u00ebr form\u00ebn si un\u00eb e shoh median, at\u00eb q\u00eb media duhet t\u00eb p\u00ebrfaq\u00ebsoj\u00eb. Edhe p\u00ebr form\u00ebn si un\u00eb e shoh rolin e moderatorit, prezantuesit, gazetarit, personit q\u00eb \u00ebsht\u00eb n\u00eb vij\u00eb t\u00eb par\u00eb dhe n\u00eb kontakt direkt me publikun. Le t\u00eb themi se aktualisht q\u00eb flasim asnj\u00eb nga programet, q\u00eb b\u00ebhet nuk m\u00eb stimulon aspak. Por, ju do m\u00eb shihni shum\u00eb shpejt. Ashtu si ju d\u00ebshiron t\u00eb m\u00eb shihni<\/em>\u201d- tha Dojna.<\/p>\n","protected":false},"excerpt":{"rendered":"<p>Dojna Mema pas nj\u00eb pauze t\u00eb gjat\u00eb n\u00eb ekran u ka dh\u00ebn\u00eb mund\u00ebsi ndjek\u00ebsve ta pyesin n\u00eb Instagram rreth kurioziteteve t\u00eb ndryshme rreth saj, ku sigurisht, nuk ka munguar pyetja: \u201cKur do t\u00eb rikthehesh n\u00eb ekran\u201d. Dojna Mema ishte p\u00ebr her\u00eb t\u00eb fundit prezantuese e \u201cBig Brother Fan Club 1\u201d, nd\u00ebrsa m\u00eb von\u00eb u shk\u00ebput<\/p>\n","protected":false},"author":2,"featured_media":2907,"comment_status":"open","ping_status":"open","sticky":false,"template":"","format":"standard","meta":{"footnotes":""},"categories":[10],"tags":[46,48,47],"class_list":{"0":"post-2906","1":"post","2":"type-post","3":"status-publish","4":"format-standard","5":"has-post-thumbnail","7":"category-showbiz","8":"tag-dojna-mema","9":"tag-emision","10":"tag-moderatore"},"_links":{"self":[{"href":"https:\/\/revistatrend.com\/index.php\/wp-json\/wp\/v2\/posts\/2906","targetHints":{"allow":["GET"]}}],"collection":[{"href":"https:\/\/revistatrend.com\/index.php\/wp-json\/wp\/v2\/posts"}],"about":[{"href":"https:\/\/revistatrend.com\/index.php\/wp-json\/wp\/v2\/types\/post"}],"author":[{"embeddable":true,"href":"https:\/\/revistatrend.com\/index.php\/wp-json\/wp\/v2\/users\/2"}],"replies":[{"embeddable":true,"href":"https:\/\/revistatrend.com\/index.php\/wp-json\/wp\/v2\/comments?post=2906"}],"version-history":[{"count":1,"href":"https:\/\/revistatrend.com\/index.php\/wp-json\/wp\/v2\/posts\/2906\/revisions"}],"predecessor-version":[{"id":2924,"href":"https:\/\/revistatrend.com\/index.php\/wp-json\/wp\/v2\/posts\/2906\/revisions\/2924"}],"wp:featuredmedia":[{"embeddable":true,"href":"https:\/\/revistatrend.com\/index.php\/wp-json\/wp\/v2\/media\/2907"}],"wp:attachment":[{"href":"https:\/\/revistatrend.com\/index.php\/wp-json\/wp\/v2\/media?parent=2906"}],"wp:term":[{"taxonomy":"category","embeddable":true,"href":"https:\/\/revistatrend.com\/index.php\/wp-json\/wp\/v2\/categories?post=2906"},{"taxonomy":"post_tag","embeddable":true,"href":"https:\/\/revistatrend.com\/index.php\/wp-json\/wp\/v2\/tags?post=2906"}],"curies":[{"name":"wp","href":"https:\/\/api.w.org\/{rel}","templated":true}]}}