{"id":2973,"date":"2023-04-20T13:34:59","date_gmt":"2023-04-20T13:34:59","guid":{"rendered":"https:\/\/revistatrend.com\/?p=2973"},"modified":"2023-04-20T13:34:59","modified_gmt":"2023-04-20T13:34:59","slug":"bebe-rexha-flet-per-komentet-rreth-peshes-se-saj-me-pelqen-te-ha","status":"publish","type":"post","link":"https:\/\/revistatrend.com\/index.php\/2023\/04\/20\/bebe-rexha-flet-per-komentet-rreth-peshes-se-saj-me-pelqen-te-ha\/","title":{"rendered":"Bebe Rexha flet p\u00ebr komentet rreth pesh\u00ebs s\u00eb saj: M\u00eb p\u00eblqen t\u00eb ha"},"content":{"rendered":"<p>K\u00ebng\u00ebtarja kaq e dashur p\u00ebr publikun bot\u00ebror Bebe Rexha shpesh her\u00eb \u00ebsht\u00eb p\u00ebrballur me komente mbi trupin e saj.<\/p>\n<p>Ylli i muzik\u00ebs ka b\u00ebr\u00eb nj\u00eb k\u00ebrkim n\u00eb TikTok me shkrimin: \u201cpesha e Bebe Rexh\u00ebs\u201d, m\u00ebnyr\u00eb kjo p\u00ebr t\u00eb par\u00eb disa nga komentet e fansave t\u00eb saj.<\/p>\n<p>\u201c Un\u00eb nuk jam e m\u00ebrzitur sepse \u00ebsht\u00eb e v\u00ebrtet\u00eb. Kam shtuar n\u00eb pesh\u00eb. Por kjo \u00ebsht\u00eb thjesht e keqe. Faleminderit t\u00eb gjith\u00eb njer\u00ebzve q\u00eb m\u00eb duan pa marr\u00eb parasysh \u00e7far\u00eb\u201d,\u00a0shkroi ajo.<\/p>\n<p>M\u00eb tej, ajo publikoi nj\u00eb tjet\u00ebr status, ku shkruante: \u201cUn\u00eb gjithmon\u00eb kam vuajtur me pesh\u00ebn time. M\u00eb p\u00eblqen t\u00eb ha\u201d.<\/p>\n<p>M\u00eb 28 prill k\u00ebng\u00ebtarja ka\u00a0 njoftuar se do t\u00eb publikohet albumi i saj m\u00eb i ri i titulluar \u201cBebe\u201d.<\/p>\n","protected":false},"excerpt":{"rendered":"<p>K\u00ebng\u00ebtarja kaq e dashur p\u00ebr publikun bot\u00ebror Bebe Rexha shpesh her\u00eb \u00ebsht\u00eb p\u00ebrballur me komente mbi trupin e saj. Ylli i muzik\u00ebs ka b\u00ebr\u00eb nj\u00eb k\u00ebrkim n\u00eb TikTok me shkrimin: \u201cpesha e Bebe Rexh\u00ebs\u201d, m\u00ebnyr\u00eb kjo p\u00ebr t\u00eb par\u00eb disa nga komentet e fansave t\u00eb saj. \u201c Un\u00eb nuk jam e m\u00ebrzitur sepse \u00ebsht\u00eb e<\/p>\n","protected":false},"author":2,"featured_media":2974,"comment_status":"open","ping_status":"open","sticky":false,"template":"","format":"standard","meta":{"footnotes":""},"categories":[10],"tags":[87,89,88],"class_list":{"0":"post-2973","1":"post","2":"type-post","3":"status-publish","4":"format-standard","5":"has-post-thumbnail","7":"category-showbiz","8":"tag-bebe-rexha","9":"tag-pesha","10":"tag-ushqim"},"_links":{"self":[{"href":"https:\/\/revistatrend.com\/index.php\/wp-json\/wp\/v2\/posts\/2973","targetHints":{"allow":["GET"]}}],"collection":[{"href":"https:\/\/revistatrend.com\/index.php\/wp-json\/wp\/v2\/posts"}],"about":[{"href":"https:\/\/revistatrend.com\/index.php\/wp-json\/wp\/v2\/types\/post"}],"author":[{"embeddable":true,"href":"https:\/\/revistatrend.com\/index.php\/wp-json\/wp\/v2\/users\/2"}],"replies":[{"embeddable":true,"href":"https:\/\/revistatrend.com\/index.php\/wp-json\/wp\/v2\/comments?post=2973"}],"version-history":[{"count":1,"href":"https:\/\/revistatrend.com\/index.php\/wp-json\/wp\/v2\/posts\/2973\/revisions"}],"predecessor-version":[{"id":2975,"href":"https:\/\/revistatrend.com\/index.php\/wp-json\/wp\/v2\/posts\/2973\/revisions\/2975"}],"wp:featuredmedia":[{"embeddable":true,"href":"https:\/\/revistatrend.com\/index.php\/wp-json\/wp\/v2\/media\/2974"}],"wp:attachment":[{"href":"https:\/\/revistatrend.com\/index.php\/wp-json\/wp\/v2\/media?parent=2973"}],"wp:term":[{"taxonomy":"category","embeddable":true,"href":"https:\/\/revistatrend.com\/index.php\/wp-json\/wp\/v2\/categories?post=2973"},{"taxonomy":"post_tag","embeddable":true,"href":"https:\/\/revistatrend.com\/index.php\/wp-json\/wp\/v2\/tags?post=2973"}],"curies":[{"name":"wp","href":"https:\/\/api.w.org\/{rel}","templated":true}]}}