{"id":299,"date":"2021-01-13T17:52:53","date_gmt":"2021-01-13T17:52:53","guid":{"rendered":"https:\/\/smartmag.theme-sphere.com\/good-news\/the-staggering-sad-effect-that-covid-lockdowns-had-on-relationships\/"},"modified":"2021-04-22T15:23:22","modified_gmt":"2021-04-22T15:23:22","slug":"the-staggering-sad-effect-that-covid-lockdowns-had-on-relationships","status":"publish","type":"post","link":"https:\/\/revistatrend.com\/index.php\/2021\/01\/13\/the-staggering-sad-effect-that-covid-lockdowns-had-on-relationships\/","title":{"rendered":"\u201cGucci\u201d ka zgjedhur Rita Or\u00ebn p\u00ebr t\u00eb promovuar koleksionin e tyre t\u00eb ri"},"content":{"rendered":"\n<figure class=\"wp-block-image size-large\"><img fetchpriority=\"high\" decoding=\"async\" width=\"816\" height=\"412\" src=\"https:\/\/revistatrend.com\/wp-content\/uploads\/2021\/04\/image-46.png\" alt=\"\" class=\"wp-image-1580\" srcset=\"https:\/\/revistatrend.com\/wp-content\/uploads\/2021\/04\/image-46.png 816w, https:\/\/revistatrend.com\/wp-content\/uploads\/2021\/04\/image-46-300x151.png 300w, https:\/\/revistatrend.com\/wp-content\/uploads\/2021\/04\/image-46-768x388.png 768w, https:\/\/revistatrend.com\/wp-content\/uploads\/2021\/04\/image-46-150x76.png 150w, https:\/\/revistatrend.com\/wp-content\/uploads\/2021\/04\/image-46-450x227.png 450w\" sizes=\"(max-width: 816px) 100vw, 816px\" \/><\/figure>\n\n\n\n<p>S\u00eb bashku me Miley Cyrus, Lana Del Rey dhe Madonna, ylli shqiptar Rita Ora do t\u00eb shfaqet n\u00eb kopertinat e \u201cGucci\u201d p\u00ebr t\u00eb promovuar koleksionin e tyre m\u00eb t\u00eb ri, t\u00eb quajtur \u201cGucci Aria\u201d.&nbsp; N\u00eb disa fotografi ekskluzive t\u00eb siguruara nga DailyMail &nbsp;k\u00ebt\u00eb t\u00eb enjten, k\u00ebng\u00ebtarja dukej shum\u00eb t\u00ebrheq\u00ebse n\u00eb nj\u00eb veshje shum\u00ebngjyr\u00ebshe t\u00eb koleksionit t\u00eb \u201cGucci Aria\u201d.<\/p>\n\n\n\n<p>Buz\u00ebt shum\u00ebngjyr\u00ebshe dhe fundi I materialit saten i dhan\u00eb nj\u00eb pamje edhe m\u00eb josh\u00ebse artistes. Ora i shtoi pamjes edhe m\u00eb shum\u00eb bukuri me nj\u00eb \u00e7ant\u00eb blu, kombinuar me nj\u00eb pal\u00eb k\u00ebpuc\u00eb elegante n\u00eb ngjyr\u00eb t\u00eb bardh\u00eb.<\/p>\n\n\n\n<div class=\"wp-block-columns is-layout-flex wp-container-core-columns-is-layout-9d6595d7 wp-block-columns-is-layout-flex\">\n<div class=\"wp-block-column is-layout-flow wp-block-column-is-layout-flow\" style=\"flex-basis:100%\"><\/div>\n<\/div>\n\n\n\n<figure class=\"wp-block-image size-large\"><img decoding=\"async\" width=\"304\" height=\"324\" src=\"https:\/\/revistatrend.com\/wp-content\/uploads\/2021\/04\/image-49.png\" alt=\"\" class=\"wp-image-1584\" srcset=\"https:\/\/revistatrend.com\/wp-content\/uploads\/2021\/04\/image-49.png 304w, https:\/\/revistatrend.com\/wp-content\/uploads\/2021\/04\/image-49-281x300.png 281w, https:\/\/revistatrend.com\/wp-content\/uploads\/2021\/04\/image-49-150x160.png 150w\" sizes=\"(max-width: 304px) 100vw, 304px\" \/><\/figure>\n\n\n\n<figure class=\"wp-block-image size-large\"><img decoding=\"async\" width=\"300\" height=\"330\" src=\"https:\/\/revistatrend.com\/wp-content\/uploads\/2021\/04\/image-50.png\" alt=\"\" class=\"wp-image-1585\" srcset=\"https:\/\/revistatrend.com\/wp-content\/uploads\/2021\/04\/image-50.png 300w, https:\/\/revistatrend.com\/wp-content\/uploads\/2021\/04\/image-50-273x300.png 273w, https:\/\/revistatrend.com\/wp-content\/uploads\/2021\/04\/image-50-150x165.png 150w\" sizes=\"(max-width: 300px) 100vw, 300px\" \/><\/figure>\n\n\n\n<p>Por\u00eb nuk ka mbaruar me kaq, ne nj\u00eb foto tjet\u00ebr k\u00ebng\u00ebtarja pozon k\u00ebmb\u00ebkryq me nje kostum portokalli dhe me n\u00eb pale sandalle klasike me gur\u00eb shum\u00eb t\u00eb ndritsh\u00ebm n\u00eb pjes\u00ebn e sip\u00ebrme. Duket qart\u00eb nga fotot q\u00eb Rit\u00ebs po i p\u00eblqen shum\u00eb puna si modele.<\/p>\n\n\n\n<figure class=\"wp-block-image size-large\"><img loading=\"lazy\" decoding=\"async\" width=\"354\" height=\"450\" src=\"https:\/\/revistatrend.com\/wp-content\/uploads\/2021\/04\/image-51.png\" alt=\"\" class=\"wp-image-1586\" srcset=\"https:\/\/revistatrend.com\/wp-content\/uploads\/2021\/04\/image-51.png 354w, https:\/\/revistatrend.com\/wp-content\/uploads\/2021\/04\/image-51-236x300.png 236w, https:\/\/revistatrend.com\/wp-content\/uploads\/2021\/04\/image-51-150x191.png 150w\" sizes=\"(max-width: 354px) 100vw, 354px\" \/><\/figure>\n","protected":false},"excerpt":{"rendered":"<p>S\u00eb bashku me Miley Cyrus, Lana Del Rey dhe Madonna, ylli shqiptar Rita Ora do t\u00eb shfaqet n\u00eb kopertinat e \u201cGucci\u201d p\u00ebr t\u00eb promovuar koleksionin e tyre m\u00eb t\u00eb ri, t\u00eb quajtur \u201cGucci Aria\u201d.&nbsp; N\u00eb disa fotografi ekskluzive t\u00eb siguruara nga DailyMail &nbsp;k\u00ebt\u00eb t\u00eb enjten, k\u00ebng\u00ebtarja dukej shum\u00eb t\u00ebrheq\u00ebse n\u00eb nj\u00eb veshje shum\u00ebngjyr\u00ebshe t\u00eb koleksionit<\/p>\n","protected":false},"author":1,"featured_media":1582,"comment_status":"open","ping_status":"open","sticky":false,"template":"","format":"standard","meta":{"footnotes":""},"categories":[7],"tags":[],"class_list":{"0":"post-299","1":"post","2":"type-post","3":"status-publish","4":"format-standard","5":"has-post-thumbnail","7":"category-fashion"},"_links":{"self":[{"href":"https:\/\/revistatrend.com\/index.php\/wp-json\/wp\/v2\/posts\/299","targetHints":{"allow":["GET"]}}],"collection":[{"href":"https:\/\/revistatrend.com\/index.php\/wp-json\/wp\/v2\/posts"}],"about":[{"href":"https:\/\/revistatrend.com\/index.php\/wp-json\/wp\/v2\/types\/post"}],"author":[{"embeddable":true,"href":"https:\/\/revistatrend.com\/index.php\/wp-json\/wp\/v2\/users\/1"}],"replies":[{"embeddable":true,"href":"https:\/\/revistatrend.com\/index.php\/wp-json\/wp\/v2\/comments?post=299"}],"version-history":[{"count":2,"href":"https:\/\/revistatrend.com\/index.php\/wp-json\/wp\/v2\/posts\/299\/revisions"}],"predecessor-version":[{"id":1587,"href":"https:\/\/revistatrend.com\/index.php\/wp-json\/wp\/v2\/posts\/299\/revisions\/1587"}],"wp:featuredmedia":[{"embeddable":true,"href":"https:\/\/revistatrend.com\/index.php\/wp-json\/wp\/v2\/media\/1582"}],"wp:attachment":[{"href":"https:\/\/revistatrend.com\/index.php\/wp-json\/wp\/v2\/media?parent=299"}],"wp:term":[{"taxonomy":"category","embeddable":true,"href":"https:\/\/revistatrend.com\/index.php\/wp-json\/wp\/v2\/categories?post=299"},{"taxonomy":"post_tag","embeddable":true,"href":"https:\/\/revistatrend.com\/index.php\/wp-json\/wp\/v2\/tags?post=299"}],"curies":[{"name":"wp","href":"https:\/\/api.w.org\/{rel}","templated":true}]}}