{"id":2995,"date":"2023-04-21T18:10:02","date_gmt":"2023-04-21T18:10:02","guid":{"rendered":"https:\/\/revistatrend.com\/?p=2995"},"modified":"2023-04-21T18:10:02","modified_gmt":"2023-04-21T18:10:02","slug":"desara-karaiskaj-rrefen-arsyen-e-divorcit-me-la-per-nje-vajze-10-vite-me-te-re","status":"publish","type":"post","link":"https:\/\/revistatrend.com\/index.php\/2023\/04\/21\/desara-karaiskaj-rrefen-arsyen-e-divorcit-me-la-per-nje-vajze-10-vite-me-te-re\/","title":{"rendered":"Desara Karaiskaj rr\u00ebfen arsyen e divorcit: M\u00eb la p\u00ebr nj\u00eb vajz\u00eb 10 vite m\u00eb t\u00eb re"},"content":{"rendered":"<p>Dasara Karaiskaj ka folur pa dorashka p\u00ebr her\u00eb t\u00eb par\u00eb lidhur me ndarjen nga partneri i saj italian dhe arsyen e divorcit t\u00eb tyre.<\/p>\n<p>N\u00eb emisionin \u201cShije Sht\u00ebpie\u201d, ajo rr\u00ebfeu pa komplekse se ish-partneri e kishte l\u00ebn\u00eb p\u00ebr nj\u00eb vajz\u00eb 10 vite m\u00eb t\u00eb re.<\/p>\n<p>&#8220;Le ta themi k\u00ebtu dhe le t\u00eb shp\u00ebrthejn\u00eb portalet, mua bashk\u00ebshorti m\u00eb la p\u00ebr nj\u00eb vajz\u00eb 9-10 vjet m\u00eb t\u00eb re se mua k\u00ebshtu q\u00eb n\u00eb realitetin n\u00eb t\u00eb cilin jetoj un\u00eb, k\u00ebto gj\u00ebra ndodhin dhe m\u00eb kan\u00eb kushtuar martes\u00ebn. Ajo mund t\u00eb jet\u00eb m\u00eb e re, por kjo nuk p\u00ebrjashton faktin q\u00eb ka b\u00ebr\u00eb gjithsesi nj\u00eb gomarll\u00ebk ai\u201d.<\/p>\n<p>Por pyetur n\u00ebse do ta kishte falur n\u00ebse ai do t\u2019ia ishte penduar\u00a0 ajo i p\u00ebrgjigjet me po p\u00ebr hir\u00eb t\u00eb familjes.<\/p>\n<p>\u201cPo sigurisht, ai \u00ebsht\u00eb babai i f\u00ebmij\u00ebs tim, si e diskuton? Po patjet\u00ebr, do ruaja familjen\u201d, &#8211; tha Karaiskaj.<\/p>\n","protected":false},"excerpt":{"rendered":"<p>Dasara Karaiskaj ka folur pa dorashka p\u00ebr her\u00eb t\u00eb par\u00eb lidhur me ndarjen nga partneri i saj italian dhe arsyen e divorcit t\u00eb tyre. N\u00eb emisionin \u201cShije Sht\u00ebpie\u201d, ajo rr\u00ebfeu pa komplekse se ish-partneri e kishte l\u00ebn\u00eb p\u00ebr nj\u00eb vajz\u00eb 10 vite m\u00eb t\u00eb re. &#8220;Le ta themi k\u00ebtu dhe le t\u00eb shp\u00ebrthejn\u00eb portalet, mua<\/p>\n","protected":false},"author":2,"featured_media":2996,"comment_status":"open","ping_status":"open","sticky":false,"template":"","format":"standard","meta":{"footnotes":""},"categories":[10],"tags":[111,109,110,106],"class_list":{"0":"post-2995","1":"post","2":"type-post","3":"status-publish","4":"format-standard","5":"has-post-thumbnail","7":"category-showbiz","8":"tag-burri","9":"tag-deasara","10":"tag-familje","11":"tag-ndarje"},"_links":{"self":[{"href":"https:\/\/revistatrend.com\/index.php\/wp-json\/wp\/v2\/posts\/2995","targetHints":{"allow":["GET"]}}],"collection":[{"href":"https:\/\/revistatrend.com\/index.php\/wp-json\/wp\/v2\/posts"}],"about":[{"href":"https:\/\/revistatrend.com\/index.php\/wp-json\/wp\/v2\/types\/post"}],"author":[{"embeddable":true,"href":"https:\/\/revistatrend.com\/index.php\/wp-json\/wp\/v2\/users\/2"}],"replies":[{"embeddable":true,"href":"https:\/\/revistatrend.com\/index.php\/wp-json\/wp\/v2\/comments?post=2995"}],"version-history":[{"count":1,"href":"https:\/\/revistatrend.com\/index.php\/wp-json\/wp\/v2\/posts\/2995\/revisions"}],"predecessor-version":[{"id":2997,"href":"https:\/\/revistatrend.com\/index.php\/wp-json\/wp\/v2\/posts\/2995\/revisions\/2997"}],"wp:featuredmedia":[{"embeddable":true,"href":"https:\/\/revistatrend.com\/index.php\/wp-json\/wp\/v2\/media\/2996"}],"wp:attachment":[{"href":"https:\/\/revistatrend.com\/index.php\/wp-json\/wp\/v2\/media?parent=2995"}],"wp:term":[{"taxonomy":"category","embeddable":true,"href":"https:\/\/revistatrend.com\/index.php\/wp-json\/wp\/v2\/categories?post=2995"},{"taxonomy":"post_tag","embeddable":true,"href":"https:\/\/revistatrend.com\/index.php\/wp-json\/wp\/v2\/tags?post=2995"}],"curies":[{"name":"wp","href":"https:\/\/api.w.org\/{rel}","templated":true}]}}