{"id":2998,"date":"2023-04-21T19:05:46","date_gmt":"2023-04-21T19:05:46","guid":{"rendered":"https:\/\/revistatrend.com\/?p=2998"},"modified":"2023-04-21T19:18:30","modified_gmt":"2023-04-21T19:18:30","slug":"2998","status":"publish","type":"post","link":"https:\/\/revistatrend.com\/index.php\/2023\/04\/21\/2998\/","title":{"rendered":"Justin Bieber e z\u00eb gjumi gjat\u00eb performanc\u00ebs live t\u00eb Frank Ocean"},"content":{"rendered":"<p>Justin Bieber e ka z\u00ebn\u00eb gjumi gjat\u00eb koncertit t\u00eb Frank Ocean n\u00eb Festivalin Coachella n\u00eb Indio, Kaliforni.<\/p>\n<p>N\u00eb nj\u00eb video n\u00eb &#8220;TikTok&#8221; t\u00eb postuar nga nj\u00eb p\u00ebrdorues, ylli kanadez i popit shihet duke q\u00ebndruar n\u00eb turm\u00eb me syt\u00eb e mbyllur n\u00eb nd\u00ebrsa Ocean k\u00ebndon \u201cAt Your Best\u201d.<\/p>\n<p>&#8220;Jo, Justin Bieber fle n\u00eb koncertin e Ocean\u201d, ka shkruar p\u00ebrdoruesit i TikTok.<\/p>\n<p>Shum\u00eb fansa q\u00eb ndoq\u00ebn performanc\u00ebn e Ossian pohuan se produksioni ishte mjaft \u201czhg\u00ebnjyes\u201d.<\/p>\n<p>\u201cNjer\u00ebzit udh\u00ebtuan aq larg p\u00ebr ta par\u00eb at\u00eb dhe ata kishin pritshm\u00ebri t\u00eb m\u00ebdha\u201d, thuhej n\u00eb shum\u00eb komente.<\/p>\n","protected":false},"excerpt":{"rendered":"<p>Justin Bieber e ka z\u00ebn\u00eb gjumi gjat\u00eb koncertit t\u00eb Frank Ocean n\u00eb Festivalin Coachella n\u00eb Indio, Kaliforni. N\u00eb nj\u00eb video n\u00eb &#8220;TikTok&#8221; t\u00eb postuar nga nj\u00eb p\u00ebrdorues, ylli kanadez i popit shihet duke q\u00ebndruar n\u00eb turm\u00eb me syt\u00eb e mbyllur n\u00eb nd\u00ebrsa Ocean k\u00ebndon \u201cAt Your Best\u201d. &#8220;Jo, Justin Bieber fle n\u00eb koncertin e Ocean\u201d,<\/p>\n","protected":false},"author":2,"featured_media":2999,"comment_status":"open","ping_status":"open","sticky":false,"template":"","format":"standard","meta":{"footnotes":""},"categories":[10],"tags":[115,113,112,114],"class_list":{"0":"post-2998","1":"post","2":"type-post","3":"status-publish","4":"format-standard","5":"has-post-thumbnail","7":"category-showbiz","8":"tag-coachella","9":"tag-gjume","10":"tag-justin-biber","11":"tag-koncert"},"_links":{"self":[{"href":"https:\/\/revistatrend.com\/index.php\/wp-json\/wp\/v2\/posts\/2998","targetHints":{"allow":["GET"]}}],"collection":[{"href":"https:\/\/revistatrend.com\/index.php\/wp-json\/wp\/v2\/posts"}],"about":[{"href":"https:\/\/revistatrend.com\/index.php\/wp-json\/wp\/v2\/types\/post"}],"author":[{"embeddable":true,"href":"https:\/\/revistatrend.com\/index.php\/wp-json\/wp\/v2\/users\/2"}],"replies":[{"embeddable":true,"href":"https:\/\/revistatrend.com\/index.php\/wp-json\/wp\/v2\/comments?post=2998"}],"version-history":[{"count":3,"href":"https:\/\/revistatrend.com\/index.php\/wp-json\/wp\/v2\/posts\/2998\/revisions"}],"predecessor-version":[{"id":3002,"href":"https:\/\/revistatrend.com\/index.php\/wp-json\/wp\/v2\/posts\/2998\/revisions\/3002"}],"wp:featuredmedia":[{"embeddable":true,"href":"https:\/\/revistatrend.com\/index.php\/wp-json\/wp\/v2\/media\/2999"}],"wp:attachment":[{"href":"https:\/\/revistatrend.com\/index.php\/wp-json\/wp\/v2\/media?parent=2998"}],"wp:term":[{"taxonomy":"category","embeddable":true,"href":"https:\/\/revistatrend.com\/index.php\/wp-json\/wp\/v2\/categories?post=2998"},{"taxonomy":"post_tag","embeddable":true,"href":"https:\/\/revistatrend.com\/index.php\/wp-json\/wp\/v2\/tags?post=2998"}],"curies":[{"name":"wp","href":"https:\/\/api.w.org\/{rel}","templated":true}]}}