{"id":3015,"date":"2023-04-22T20:32:37","date_gmt":"2023-04-22T20:32:37","guid":{"rendered":"https:\/\/revistatrend.com\/?p=3015"},"modified":"2023-04-22T20:32:37","modified_gmt":"2023-04-22T20:32:37","slug":"luizi-finalisti-i-pare-i-bbv-mes-lotesh-kujton-babane-e-ndjere","status":"publish","type":"post","link":"https:\/\/revistatrend.com\/index.php\/2023\/04\/22\/luizi-finalisti-i-pare-i-bbv-mes-lotesh-kujton-babane-e-ndjere\/","title":{"rendered":"Luizi finalisti i par\u00eb i BBV, mes lot\u00ebsh kujton baban\u00eb e ndjer\u00eb"},"content":{"rendered":"<p>Mbr\u00ebmja e sotme ka gozhduar para ekranit t\u00eb gjith\u00eb shqiptar\u00ebt.<\/p>\n<p>Prej dit\u00ebsh publiku ka mundur t\u00eb zgjedh\u00eb mes Luizit dhe Deamishel se cilin prej tyre do t\u00eb d\u00ebrgojn\u00eb n\u00eb finale si finalist i par\u00eb.<\/p>\n<p>Spektakli i sot\u00ebm p\u00ebrcaktoi k\u00ebshtu Luizi si triumfuesi i par\u00eb i k\u00ebtij rrug\u00ebtimi.<\/p>\n<p>Ai p\u00ebrcakton k\u00ebshtu vendin e tij deri n\u00eb fund t\u00eb k\u00ebtij rrug\u00ebtimi, me shpres\u00ebn p\u00ebr t\u00eb rr\u00ebmbyer n\u00eb fund edhe \u00e7mimin e madh.<\/p>\n<p>Pas lajmit ai mes lot\u00ebsh tha: Do t\u00eb doja t\u00eb ishte babai gjall\u00eb dhe t&#8217;i thoja q\u00eb ia dola.<\/p>\n","protected":false},"excerpt":{"rendered":"<p>Mbr\u00ebmja e sotme ka gozhduar para ekranit t\u00eb gjith\u00eb shqiptar\u00ebt. Prej dit\u00ebsh publiku ka mundur t\u00eb zgjedh\u00eb mes Luizit dhe Deamishel se cilin prej tyre do t\u00eb d\u00ebrgojn\u00eb n\u00eb finale si finalist i par\u00eb. Spektakli i sot\u00ebm p\u00ebrcaktoi k\u00ebshtu Luizi si triumfuesi i par\u00eb i k\u00ebtij rrug\u00ebtimi. Ai p\u00ebrcakton k\u00ebshtu vendin e tij deri n\u00eb<\/p>\n","protected":false},"author":2,"featured_media":3016,"comment_status":"open","ping_status":"open","sticky":false,"template":"","format":"standard","meta":{"footnotes":""},"categories":[10],"tags":[62,124,104],"class_list":{"0":"post-3015","1":"post","2":"type-post","3":"status-publish","4":"format-standard","5":"has-post-thumbnail","7":"category-showbiz","8":"tag-bbv","9":"tag-finalist","10":"tag-luiz"},"_links":{"self":[{"href":"https:\/\/revistatrend.com\/index.php\/wp-json\/wp\/v2\/posts\/3015","targetHints":{"allow":["GET"]}}],"collection":[{"href":"https:\/\/revistatrend.com\/index.php\/wp-json\/wp\/v2\/posts"}],"about":[{"href":"https:\/\/revistatrend.com\/index.php\/wp-json\/wp\/v2\/types\/post"}],"author":[{"embeddable":true,"href":"https:\/\/revistatrend.com\/index.php\/wp-json\/wp\/v2\/users\/2"}],"replies":[{"embeddable":true,"href":"https:\/\/revistatrend.com\/index.php\/wp-json\/wp\/v2\/comments?post=3015"}],"version-history":[{"count":1,"href":"https:\/\/revistatrend.com\/index.php\/wp-json\/wp\/v2\/posts\/3015\/revisions"}],"predecessor-version":[{"id":3017,"href":"https:\/\/revistatrend.com\/index.php\/wp-json\/wp\/v2\/posts\/3015\/revisions\/3017"}],"wp:featuredmedia":[{"embeddable":true,"href":"https:\/\/revistatrend.com\/index.php\/wp-json\/wp\/v2\/media\/3016"}],"wp:attachment":[{"href":"https:\/\/revistatrend.com\/index.php\/wp-json\/wp\/v2\/media?parent=3015"}],"wp:term":[{"taxonomy":"category","embeddable":true,"href":"https:\/\/revistatrend.com\/index.php\/wp-json\/wp\/v2\/categories?post=3015"},{"taxonomy":"post_tag","embeddable":true,"href":"https:\/\/revistatrend.com\/index.php\/wp-json\/wp\/v2\/tags?post=3015"}],"curies":[{"name":"wp","href":"https:\/\/api.w.org\/{rel}","templated":true}]}}