{"id":3030,"date":"2023-04-23T17:14:13","date_gmt":"2023-04-23T17:14:13","guid":{"rendered":"https:\/\/revistatrend.com\/?p=3030"},"modified":"2023-04-23T17:14:13","modified_gmt":"2023-04-23T17:14:13","slug":"perlotet-ermal-mamaqi-iu-ula-amit-ne-gjunje-dhe-i-thash","status":"publish","type":"post","link":"https:\/\/revistatrend.com\/index.php\/2023\/04\/23\/perlotet-ermal-mamaqi-iu-ula-amit-ne-gjunje-dhe-i-thash\/","title":{"rendered":"P\u00ebrlotet Ermal Mamaqi: Iu ula Amit n\u00eb gjunj\u00eb dhe i thash&#8230;"},"content":{"rendered":"<p>Ermal Mamaqi i ftuar n\u00eb n\u00eb nj\u00eb intervist\u00eb televizive ka rr\u00ebfyer detaje interesante t\u00eb jet\u00ebs s\u00eb tij q\u00eb ka f\u00ebmij\u00ebria e deri m\u00eb sot.<\/p>\n<p>Ai \u00ebsht\u00eb ndalur dhe tek marr\u00ebdh\u00ebnia me Amin. Sipas tij i afroheshin personazhe me makina t\u00eb bukura, por Ami zgjodhi t\u00eb rrinte me Ermalin. Ai ka treguar se ka punuar fort q\u00eb t\u2019i siguroj\u00eb asaj nj\u00eb jet\u00eb t\u00eb mir\u00eb dhe se i ka hyr\u00eb biznesit p\u00ebr t\u00eb lar\u00eb borxhet e familjes s\u00eb tij.<\/p>\n<p>\u201cAmi zgjodhi t\u00eb rrinte me mua, akoma nuk e kuptoj pse e ka b\u00ebr\u00eb k\u00ebt\u00eb gj\u00eb, por besoj q\u00eb ka qen\u00eb nj\u00eb dashuri e past\u00ebr nga t\u00eb dyja an\u00ebt, dhe un\u00eb p\u00ebr k\u00ebt\u00eb si t\u00eb thuash \u00e7mim t\u00eb madh q\u00eb mu dha nga ajo, kam nj\u00eb episod q\u00eb kam qen\u00eb n\u00eb lot dhe ajo pa th\u00ebn\u00eb gj\u00eb, i jam ulur n\u00eb gjunj\u00eb dhe i kam th\u00ebn\u00eb shiko, un\u00eb tani nuk kam asnj\u00eb gj\u00eb\u2026 Kam qen\u00eb n\u00eb nj\u00eb lokal, kemi qen\u00eb vet\u00ebm dhe n\u00eb gjunj\u00eb i kam th\u00ebn\u00eb: Amarda un\u00eb tani nuk kam asnj\u00eb gj\u00eb, por t\u00eb premtoj q\u00eb n\u00ebse ti vazhdon t\u00eb rrish me mua, un\u00eb do t\u00eb t\u00eb b\u00ebj ty q\u00eb t\u2019i t\u00eb jetosh nj\u00eb jet\u00eb si princesh\u00eb&#8221;, tha Ermali i p\u00ebrlotur.<\/p>\n","protected":false},"excerpt":{"rendered":"<p>Ermal Mamaqi i ftuar n\u00eb n\u00eb nj\u00eb intervist\u00eb televizive ka rr\u00ebfyer detaje interesante t\u00eb jet\u00ebs s\u00eb tij q\u00eb ka f\u00ebmij\u00ebria e deri m\u00eb sot. Ai \u00ebsht\u00eb ndalur dhe tek marr\u00ebdh\u00ebnia me Amin. Sipas tij i afroheshin personazhe me makina t\u00eb bukura, por Ami zgjodhi t\u00eb rrinte me Ermalin. Ai ka treguar se ka punuar fort<\/p>\n","protected":false},"author":2,"featured_media":3031,"comment_status":"open","ping_status":"open","sticky":false,"template":"","format":"standard","meta":{"footnotes":""},"categories":[10],"tags":[],"class_list":{"0":"post-3030","1":"post","2":"type-post","3":"status-publish","4":"format-standard","5":"has-post-thumbnail","7":"category-showbiz"},"_links":{"self":[{"href":"https:\/\/revistatrend.com\/index.php\/wp-json\/wp\/v2\/posts\/3030","targetHints":{"allow":["GET"]}}],"collection":[{"href":"https:\/\/revistatrend.com\/index.php\/wp-json\/wp\/v2\/posts"}],"about":[{"href":"https:\/\/revistatrend.com\/index.php\/wp-json\/wp\/v2\/types\/post"}],"author":[{"embeddable":true,"href":"https:\/\/revistatrend.com\/index.php\/wp-json\/wp\/v2\/users\/2"}],"replies":[{"embeddable":true,"href":"https:\/\/revistatrend.com\/index.php\/wp-json\/wp\/v2\/comments?post=3030"}],"version-history":[{"count":1,"href":"https:\/\/revistatrend.com\/index.php\/wp-json\/wp\/v2\/posts\/3030\/revisions"}],"predecessor-version":[{"id":3032,"href":"https:\/\/revistatrend.com\/index.php\/wp-json\/wp\/v2\/posts\/3030\/revisions\/3032"}],"wp:featuredmedia":[{"embeddable":true,"href":"https:\/\/revistatrend.com\/index.php\/wp-json\/wp\/v2\/media\/3031"}],"wp:attachment":[{"href":"https:\/\/revistatrend.com\/index.php\/wp-json\/wp\/v2\/media?parent=3030"}],"wp:term":[{"taxonomy":"category","embeddable":true,"href":"https:\/\/revistatrend.com\/index.php\/wp-json\/wp\/v2\/categories?post=3030"},{"taxonomy":"post_tag","embeddable":true,"href":"https:\/\/revistatrend.com\/index.php\/wp-json\/wp\/v2\/tags?post=3030"}],"curies":[{"name":"wp","href":"https:\/\/api.w.org\/{rel}","templated":true}]}}