{"id":3089,"date":"2023-04-26T21:55:09","date_gmt":"2023-04-26T21:55:09","guid":{"rendered":"https:\/\/revistatrend.com\/?p=3089"},"modified":"2023-04-26T21:55:09","modified_gmt":"2023-04-26T21:55:09","slug":"sdo-doja-ta-kisha-nje-moter-si-ajo-thellohet-percarja-mes-efit-dhe-luizit-i-prapambetur","status":"publish","type":"post","link":"https:\/\/revistatrend.com\/index.php\/2023\/04\/26\/sdo-doja-ta-kisha-nje-moter-si-ajo-thellohet-percarja-mes-efit-dhe-luizit-i-prapambetur\/","title":{"rendered":"&#8220;S&#8217;do doja ta kisha nj\u00eb mot\u00ebr si ajo&#8221;\/ Thellohet p\u00ebr\u00e7arja mes Efit dhe Luizit: I prapambetur!"},"content":{"rendered":"<p>Gjat\u00eb spektaklit t\u00eb djesh\u00ebm pati nj\u00eb p\u00ebrplasje t\u00eb ashp\u00ebr mes Luizit dhe Efit, pasi banor\u00ebt pan\u00eb nj\u00eb video t\u00eb Luizit i cili shprehej q\u00eb nuk do e donte nj\u00eb mot\u00ebr ose vajz\u00eb si Efi.<\/p>\n<p>E nd\u00ebrsa mbr\u00ebmjen e djeshme Efi ka diskutuar me Dean p\u00ebr sjelljen e Luizit kundrejt saj.<\/p>\n<p>Ajo u shpreh se ndihet shum\u00eb mir\u00ebnjoh\u00ebse pasi nga ai emision tani ka arritur t\u00eb jet\u00eb pjes\u00eb e nj\u00eb formati tjet\u00ebr si Big Brother.<\/p>\n<p>Efi tha se shpesh ka dashur t\u00eb shoh\u00eb gjithmon\u00eb t\u00eb mirat te Luizi, por dita dit\u00ebs e sheh ndryshe.<\/p>\n<p>Sipas saj ai \u00ebsht\u00eb i prapambetur dhe nga ato persona t\u00eb cil\u00ebt i mbyllin grat\u00eb n\u00eb sht\u00ebpi. Sipas saj komentet po i\u2019a prishin m\u00eb shum\u00eb loj\u00ebn Luizit.<\/p>\n<p>&nbsp;<\/p>\n<p>&nbsp;<\/p>\n<p>&nbsp;<\/p>\n<p>&nbsp;<\/p>\n<p>&nbsp;<\/p>\n","protected":false},"excerpt":{"rendered":"<p>Gjat\u00eb spektaklit t\u00eb djesh\u00ebm pati nj\u00eb p\u00ebrplasje t\u00eb ashp\u00ebr mes Luizit dhe Efit, pasi banor\u00ebt pan\u00eb nj\u00eb video t\u00eb Luizit i cili shprehej q\u00eb nuk do e donte nj\u00eb mot\u00ebr ose vajz\u00eb si Efi. E nd\u00ebrsa mbr\u00ebmjen e djeshme Efi ka diskutuar me Dean p\u00ebr sjelljen e Luizit kundrejt saj. Ajo u shpreh se ndihet<\/p>\n","protected":false},"author":2,"featured_media":3090,"comment_status":"open","ping_status":"open","sticky":false,"template":"","format":"standard","meta":{"footnotes":""},"categories":[10],"tags":[],"class_list":{"0":"post-3089","1":"post","2":"type-post","3":"status-publish","4":"format-standard","5":"has-post-thumbnail","7":"category-showbiz"},"_links":{"self":[{"href":"https:\/\/revistatrend.com\/index.php\/wp-json\/wp\/v2\/posts\/3089","targetHints":{"allow":["GET"]}}],"collection":[{"href":"https:\/\/revistatrend.com\/index.php\/wp-json\/wp\/v2\/posts"}],"about":[{"href":"https:\/\/revistatrend.com\/index.php\/wp-json\/wp\/v2\/types\/post"}],"author":[{"embeddable":true,"href":"https:\/\/revistatrend.com\/index.php\/wp-json\/wp\/v2\/users\/2"}],"replies":[{"embeddable":true,"href":"https:\/\/revistatrend.com\/index.php\/wp-json\/wp\/v2\/comments?post=3089"}],"version-history":[{"count":1,"href":"https:\/\/revistatrend.com\/index.php\/wp-json\/wp\/v2\/posts\/3089\/revisions"}],"predecessor-version":[{"id":3091,"href":"https:\/\/revistatrend.com\/index.php\/wp-json\/wp\/v2\/posts\/3089\/revisions\/3091"}],"wp:featuredmedia":[{"embeddable":true,"href":"https:\/\/revistatrend.com\/index.php\/wp-json\/wp\/v2\/media\/3090"}],"wp:attachment":[{"href":"https:\/\/revistatrend.com\/index.php\/wp-json\/wp\/v2\/media?parent=3089"}],"wp:term":[{"taxonomy":"category","embeddable":true,"href":"https:\/\/revistatrend.com\/index.php\/wp-json\/wp\/v2\/categories?post=3089"},{"taxonomy":"post_tag","embeddable":true,"href":"https:\/\/revistatrend.com\/index.php\/wp-json\/wp\/v2\/tags?post=3089"}],"curies":[{"name":"wp","href":"https:\/\/api.w.org\/{rel}","templated":true}]}}