{"id":3236,"date":"2023-05-04T22:21:54","date_gmt":"2023-05-04T22:21:54","guid":{"rendered":"https:\/\/revistatrend.com\/?p=3236"},"modified":"2023-05-04T22:22:09","modified_gmt":"2023-05-04T22:22:09","slug":"ish-konkurenti-i-perputhen-humb-babane-ben-dedikimin-e-ndjere","status":"publish","type":"post","link":"https:\/\/revistatrend.com\/index.php\/2023\/05\/04\/ish-konkurenti-i-perputhen-humb-babane-ben-dedikimin-e-ndjere\/","title":{"rendered":"Ish-konkurrenti i &#8220;P\u00ebrputhen&#8221; humb baban\u00eb, b\u00ebn dedikimin e ndjer\u00eb"},"content":{"rendered":"<p>Fation Kuqari, i njohur p\u00ebr pjes\u00ebmarrjen e tij n\u00eb &#8220;P\u00ebrputhen&#8221; ka p\u00ebrjetuar nj\u00eb nga dhimbjet m\u00eb t\u00eb m\u00ebdha n\u00eb jet\u00eb si\u00e7 \u00ebsht\u00eb humbja e prindit p\u00ebr f\u00ebmij\u00ebn.<\/p>\n<p>Ai ka humbur sot baban\u00eb e tij dhe lajmin e ka b\u00ebr\u00eb t\u00eb ditur n\u00eb Instagram p\u00ebrmes nj\u00eb video t\u00eb babait t\u00eb tij, shoq\u00ebruar me fjal\u00eb t\u00eb ndjera.<\/p>\n<p>\u201cT\u00eb dua pafund ba! Ik i qet\u00eb n\u00eb Parajs\u00eb, m\u00eb ke l\u00ebn\u00eb mua p\u00ebr gjith\u00e7ka. T\u00eb dua pafund. T\u00eb kam pas shok e do t\u00eb kem\u2026aty lart p\u00ebr \u00e7do gj\u00eb tek ty do marr mendim. T\u00eb dua pafund\u201d, shkruan Fationi.<\/p>\n<p>&nbsp;<\/p>\n<p>&nbsp;<\/p>\n<p>&nbsp;<\/p>\n","protected":false},"excerpt":{"rendered":"<p>Fation Kuqari, i njohur p\u00ebr pjes\u00ebmarrjen e tij n\u00eb &#8220;P\u00ebrputhen&#8221; ka p\u00ebrjetuar nj\u00eb nga dhimbjet m\u00eb t\u00eb m\u00ebdha n\u00eb jet\u00eb si\u00e7 \u00ebsht\u00eb humbja e prindit p\u00ebr f\u00ebmij\u00ebn. Ai ka humbur sot baban\u00eb e tij dhe lajmin e ka b\u00ebr\u00eb t\u00eb ditur n\u00eb Instagram p\u00ebrmes nj\u00eb video t\u00eb babait t\u00eb tij, shoq\u00ebruar me fjal\u00eb t\u00eb ndjera.<\/p>\n","protected":false},"author":2,"featured_media":3237,"comment_status":"open","ping_status":"open","sticky":false,"template":"","format":"standard","meta":{"footnotes":""},"categories":[10],"tags":[],"class_list":{"0":"post-3236","1":"post","2":"type-post","3":"status-publish","4":"format-standard","5":"has-post-thumbnail","7":"category-showbiz"},"_links":{"self":[{"href":"https:\/\/revistatrend.com\/index.php\/wp-json\/wp\/v2\/posts\/3236","targetHints":{"allow":["GET"]}}],"collection":[{"href":"https:\/\/revistatrend.com\/index.php\/wp-json\/wp\/v2\/posts"}],"about":[{"href":"https:\/\/revistatrend.com\/index.php\/wp-json\/wp\/v2\/types\/post"}],"author":[{"embeddable":true,"href":"https:\/\/revistatrend.com\/index.php\/wp-json\/wp\/v2\/users\/2"}],"replies":[{"embeddable":true,"href":"https:\/\/revistatrend.com\/index.php\/wp-json\/wp\/v2\/comments?post=3236"}],"version-history":[{"count":2,"href":"https:\/\/revistatrend.com\/index.php\/wp-json\/wp\/v2\/posts\/3236\/revisions"}],"predecessor-version":[{"id":3239,"href":"https:\/\/revistatrend.com\/index.php\/wp-json\/wp\/v2\/posts\/3236\/revisions\/3239"}],"wp:featuredmedia":[{"embeddable":true,"href":"https:\/\/revistatrend.com\/index.php\/wp-json\/wp\/v2\/media\/3237"}],"wp:attachment":[{"href":"https:\/\/revistatrend.com\/index.php\/wp-json\/wp\/v2\/media?parent=3236"}],"wp:term":[{"taxonomy":"category","embeddable":true,"href":"https:\/\/revistatrend.com\/index.php\/wp-json\/wp\/v2\/categories?post=3236"},{"taxonomy":"post_tag","embeddable":true,"href":"https:\/\/revistatrend.com\/index.php\/wp-json\/wp\/v2\/tags?post=3236"}],"curies":[{"name":"wp","href":"https:\/\/api.w.org\/{rel}","templated":true}]}}