{"id":3250,"date":"2023-05-04T22:58:29","date_gmt":"2023-05-04T22:58:29","guid":{"rendered":"https:\/\/revistatrend.com\/?p=3250"},"modified":"2023-05-04T22:58:49","modified_gmt":"2023-05-04T22:58:49","slug":"ed-sheeran-publikon-dokumentarin-mbi-jeten-dhe-karrieren-e-tij","status":"publish","type":"post","link":"https:\/\/revistatrend.com\/index.php\/2023\/05\/04\/ed-sheeran-publikon-dokumentarin-mbi-jeten-dhe-karrieren-e-tij\/","title":{"rendered":"Ed Sheeran publikon dokumentarin mbi jet\u00ebn dhe karrier\u00ebn e tij"},"content":{"rendered":"<p>Ed Sheeran \u00ebsht\u00eb gati t\u2019i tregoj\u00eb bot\u00ebs m\u00eb shum\u00eb nga jeta e tij personale.<\/p>\n<p>Sheeran pritet t\u00eb publikoj\u00eb s\u00eb shpejti dokumentarin mbi jet\u00ebn e tij personale dhe karrier\u00ebn.<\/p>\n<p>N\u00eb filmin dokumentar me kat\u00ebr pjes\u00eb, k\u00ebng\u00ebtari i \u201cShape of You\u201d hedh drit\u00eb mbi betejat, duke p\u00ebrfshir\u00eb diagnoz\u00ebn e kancerit t\u00eb gruas s\u00eb tij Cherry Seaborn dhe vdekjen e mikut t\u00eb tij m\u00eb t\u00eb mir\u00eb Jamal Edwards.<\/p>\n<p>\u201cUn\u00eb u diagnostikova me kancer n\u00eb fillim t\u00eb vitit,\u201d thot Cheerry.<\/p>\n<p>&#8220;M\u00eb b\u00ebri t\u00eb mendoj masivisht p\u00ebr vdekshm\u00ebrin\u00eb ton\u00eb. P\u00ebr Edin, e gjith\u00eb \u00e7\u00ebshtja \u00ebsht\u00eb se ai d\u00ebshiron t\u2019u thot\u00eb njer\u00ebzve: Un\u00eb nuk jam vet\u00ebm kjo makin\u00eb muzikore. Un\u00eb nuk jam vet\u00ebm ky robot q\u00eb p\u00ebrpiqet t\u00eb marr\u00eb numrin 1. Un\u00eb jam nj\u00eb baba, un\u00eb n\u00eb jam nj\u00eb djal\u00eb, un\u00eb jam nj\u00eb shok&#8221;.<\/p>\n<p>Cikli q\u00eb nis me \u201cLove\u201d fokusohet n\u00eb Seaborn, \u201cLoss\u201d ka t\u00eb b\u00ebj\u00eb me vdekjen e Edwards n\u00eb mosh\u00ebn 31 vje\u00e7, \u201cFocus\u201d ndjek Sheeran nd\u00ebrsa ai shkruan dhe regjistron albumin e tij t\u00eb ardhsh\u00ebm, dhe \u201cRelease\u201d detajon sfidat n\u00eb gjetjen e ekuilibrit midis pun\u00ebs dhe p\u00ebrgjegj\u00ebsive prind\u00ebrore<\/p>\n<p>&nbsp;<\/p>\n<p>&nbsp;<\/p>\n","protected":false},"excerpt":{"rendered":"<p>Ed Sheeran \u00ebsht\u00eb gati t\u2019i tregoj\u00eb bot\u00ebs m\u00eb shum\u00eb nga jeta e tij personale. Sheeran pritet t\u00eb publikoj\u00eb s\u00eb shpejti dokumentarin mbi jet\u00ebn e tij personale dhe karrier\u00ebn. N\u00eb filmin dokumentar me kat\u00ebr pjes\u00eb, k\u00ebng\u00ebtari i \u201cShape of You\u201d hedh drit\u00eb mbi betejat, duke p\u00ebrfshir\u00eb diagnoz\u00ebn e kancerit t\u00eb gruas s\u00eb tij Cherry Seaborn dhe<\/p>\n","protected":false},"author":2,"featured_media":3251,"comment_status":"open","ping_status":"open","sticky":false,"template":"","format":"standard","meta":{"footnotes":""},"categories":[10],"tags":[],"class_list":{"0":"post-3250","1":"post","2":"type-post","3":"status-publish","4":"format-standard","5":"has-post-thumbnail","7":"category-showbiz"},"_links":{"self":[{"href":"https:\/\/revistatrend.com\/index.php\/wp-json\/wp\/v2\/posts\/3250","targetHints":{"allow":["GET"]}}],"collection":[{"href":"https:\/\/revistatrend.com\/index.php\/wp-json\/wp\/v2\/posts"}],"about":[{"href":"https:\/\/revistatrend.com\/index.php\/wp-json\/wp\/v2\/types\/post"}],"author":[{"embeddable":true,"href":"https:\/\/revistatrend.com\/index.php\/wp-json\/wp\/v2\/users\/2"}],"replies":[{"embeddable":true,"href":"https:\/\/revistatrend.com\/index.php\/wp-json\/wp\/v2\/comments?post=3250"}],"version-history":[{"count":1,"href":"https:\/\/revistatrend.com\/index.php\/wp-json\/wp\/v2\/posts\/3250\/revisions"}],"predecessor-version":[{"id":3252,"href":"https:\/\/revistatrend.com\/index.php\/wp-json\/wp\/v2\/posts\/3250\/revisions\/3252"}],"wp:featuredmedia":[{"embeddable":true,"href":"https:\/\/revistatrend.com\/index.php\/wp-json\/wp\/v2\/media\/3251"}],"wp:attachment":[{"href":"https:\/\/revistatrend.com\/index.php\/wp-json\/wp\/v2\/media?parent=3250"}],"wp:term":[{"taxonomy":"category","embeddable":true,"href":"https:\/\/revistatrend.com\/index.php\/wp-json\/wp\/v2\/categories?post=3250"},{"taxonomy":"post_tag","embeddable":true,"href":"https:\/\/revistatrend.com\/index.php\/wp-json\/wp\/v2\/tags?post=3250"}],"curies":[{"name":"wp","href":"https:\/\/api.w.org\/{rel}","templated":true}]}}