{"id":3264,"date":"2023-05-06T14:42:01","date_gmt":"2023-05-06T14:42:01","guid":{"rendered":"https:\/\/revistatrend.com\/?p=3264"},"modified":"2023-05-06T14:42:01","modified_gmt":"2023-05-06T14:42:01","slug":"taylor-swift-ne-nje-romance-te-re-me-muzikantin-matty-healy","status":"publish","type":"post","link":"https:\/\/revistatrend.com\/index.php\/2023\/05\/06\/taylor-swift-ne-nje-romance-te-re-me-muzikantin-matty-healy\/","title":{"rendered":"Taylor Swift n\u00eb nj\u00eb romanc\u00eb t\u00eb re me muzikantin Matty Healy"},"content":{"rendered":"<p>K\u00ebng\u00ebtarja e dashur p\u00ebr publikun duket se ka nisur nj\u00eb romanc\u00eb t\u00eb re e cila p\u00ebrflitet se po i fal shum\u00eb lumturi.<\/p>\n<p>Thuhet se Taylor Swift \u00ebsht\u00eb n\u00eb nj\u00eb lidhje me vokalistin e grupit 1975, Matty Healy.<\/p>\n<p>Burimet deklaruan tashm\u00eb jan\u00eb \u201c\u00e7mendurisht t\u00eb dashuruar\u201d pavar\u00ebsisht se jan\u00eb lidhur vet\u00ebm p\u00ebr m\u00eb pak se dy muaj.<\/p>\n<p>&#8220;\u00cbsht\u00eb ende her\u00ebt, por ndihen mir\u00eb,&#8221; tha burimi i brendsh\u00ebm. &#8220;Ata dol\u00ebn p\u00ebr her\u00eb t\u00eb par\u00eb, shum\u00eb shkurt, pothuajse 10 vjet m\u00eb par\u00eb, por thjesht nuk funksionoi.&#8221;<\/p>\n<p>Ndarja e Swift dhe Joe Alwyn u njoftua muajin e kaluar, burimi i brendsh\u00ebm pretendoi se n\u00eb fakt u ndan\u00eb n\u00eb shkurt.<\/p>\n<p>N\u00eb fakt, \u00e7ifti i ri thuhet se \u00ebsht\u00eb gati t\u00eb dal\u00eb publikisht n\u00eb shfaqjen e ardhshme t\u00eb turneut t\u00eb Taylor, duke mos u fshehur m\u00eb nga publiku.<\/p>\n<p>&nbsp;<\/p>\n<p>&nbsp;<\/p>\n<p>&nbsp;<\/p>\n","protected":false},"excerpt":{"rendered":"<p>K\u00ebng\u00ebtarja e dashur p\u00ebr publikun duket se ka nisur nj\u00eb romanc\u00eb t\u00eb re e cila p\u00ebrflitet se po i fal shum\u00eb lumturi. Thuhet se Taylor Swift \u00ebsht\u00eb n\u00eb nj\u00eb lidhje me vokalistin e grupit 1975, Matty Healy. Burimet deklaruan tashm\u00eb jan\u00eb \u201c\u00e7mendurisht t\u00eb dashuruar\u201d pavar\u00ebsisht se jan\u00eb lidhur vet\u00ebm p\u00ebr m\u00eb pak se dy muaj.<\/p>\n","protected":false},"author":2,"featured_media":3266,"comment_status":"open","ping_status":"open","sticky":false,"template":"","format":"standard","meta":{"footnotes":""},"categories":[10],"tags":[],"class_list":{"0":"post-3264","1":"post","2":"type-post","3":"status-publish","4":"format-standard","5":"has-post-thumbnail","7":"category-showbiz"},"_links":{"self":[{"href":"https:\/\/revistatrend.com\/index.php\/wp-json\/wp\/v2\/posts\/3264","targetHints":{"allow":["GET"]}}],"collection":[{"href":"https:\/\/revistatrend.com\/index.php\/wp-json\/wp\/v2\/posts"}],"about":[{"href":"https:\/\/revistatrend.com\/index.php\/wp-json\/wp\/v2\/types\/post"}],"author":[{"embeddable":true,"href":"https:\/\/revistatrend.com\/index.php\/wp-json\/wp\/v2\/users\/2"}],"replies":[{"embeddable":true,"href":"https:\/\/revistatrend.com\/index.php\/wp-json\/wp\/v2\/comments?post=3264"}],"version-history":[{"count":1,"href":"https:\/\/revistatrend.com\/index.php\/wp-json\/wp\/v2\/posts\/3264\/revisions"}],"predecessor-version":[{"id":3267,"href":"https:\/\/revistatrend.com\/index.php\/wp-json\/wp\/v2\/posts\/3264\/revisions\/3267"}],"wp:featuredmedia":[{"embeddable":true,"href":"https:\/\/revistatrend.com\/index.php\/wp-json\/wp\/v2\/media\/3266"}],"wp:attachment":[{"href":"https:\/\/revistatrend.com\/index.php\/wp-json\/wp\/v2\/media?parent=3264"}],"wp:term":[{"taxonomy":"category","embeddable":true,"href":"https:\/\/revistatrend.com\/index.php\/wp-json\/wp\/v2\/categories?post=3264"},{"taxonomy":"post_tag","embeddable":true,"href":"https:\/\/revistatrend.com\/index.php\/wp-json\/wp\/v2\/tags?post=3264"}],"curies":[{"name":"wp","href":"https:\/\/api.w.org\/{rel}","templated":true}]}}