{"id":3305,"date":"2023-05-11T19:54:37","date_gmt":"2023-05-11T19:54:37","guid":{"rendered":"https:\/\/revistatrend.com\/?p=3305"},"modified":"2023-05-11T19:54:37","modified_gmt":"2023-05-11T19:54:37","slug":"legjenda-robert-de-niro-behet-baba-per-here-te-shtate-ne-moshen-79-vjecare","status":"publish","type":"post","link":"https:\/\/revistatrend.com\/index.php\/2023\/05\/11\/legjenda-robert-de-niro-behet-baba-per-here-te-shtate-ne-moshen-79-vjecare\/","title":{"rendered":"Legjenda Robert De Niro b\u00ebhet baba p\u00ebr her\u00eb t\u00eb shtat\u00eb n\u00eb mosh\u00ebn 79-vje\u00e7are"},"content":{"rendered":"<p>Aktori i njohur Robert De Niro \u00ebsht\u00eb b\u00ebr\u00eb p\u00ebr her\u00eb t\u00eb shtat\u00eb n\u00eb mosh\u00ebn 79-vje\u00e7are.<\/p>\n<p>Lajmin e bukur e ka b\u00ebr\u00eb me dije vet\u00eb aktori i cili entuziast tha se \u00ebsht\u00eb b\u00ebr\u00eb baba p\u00ebr her\u00eb t\u00eb shtat\u00eb, mir\u00ebpo s\u2019ka dashur t\u00eb zbuloj\u00eb n\u00ebn\u00ebn e f\u00ebmij\u00ebs s\u00eb tij.<\/p>\n<p>\u201cSapo ka lindur f\u00ebmija im i shtat\u00eb&#8221;, tha aktori gjat\u00eb nj\u00eb interviste.<\/p>\n<p>Robert ka dy f\u00ebmij\u00eb m\u00eb t\u00eb m\u00ebdhenj me gruan e tij t\u00eb par\u00eb Diahnne Abbott. Ish-\u00e7ifti t\u00eb cil\u00ebt ishin t\u00eb martuar nga viti 1976 deri n\u00eb vitin 1988 \u00a0jan\u00eb prind\u00ebr t\u00eb Dren\u00ebs, 51 vje\u00e7, dhe Raphael, 46 vje\u00e7.<\/p>\n<p>Me ish-partneren e tij Toukie Smith aktori ka dy binjak\u00ebt, Julian dhe Aaron 27 vje\u00e7. Ata m\u00ebsohet se kan\u00eb qen\u00eb n\u00eb nj\u00eb lidhje nga viti 1988 deri n\u00eb ndarjen n\u00eb vitin 1996.<\/p>\n<p>Nd\u00ebrsa, me aktoren tjet\u00ebr Grace Hightower ai ka nj\u00eb djal\u00eb Elliot 25-vje\u00e7 dhe vajz\u00ebn Helen\u00ebn 11 vje\u00e7. Robert dhe Grace u martuan n\u00eb vitin 1997 dhe thuhet se u ndan\u00eb rreth vitit 2018.<\/p>\n<p>Nd\u00ebrkoh\u00eb, partnerja e fundit q\u00eb e ka b\u00ebr\u00eb baba aktorin nuk dihet, gjithashtu edhe gjinia e foshnj\u00ebs<\/p>\n<p>&nbsp;<\/p>\n<p>&nbsp;<\/p>\n","protected":false},"excerpt":{"rendered":"<p>Aktori i njohur Robert De Niro \u00ebsht\u00eb b\u00ebr\u00eb p\u00ebr her\u00eb t\u00eb shtat\u00eb n\u00eb mosh\u00ebn 79-vje\u00e7are. Lajmin e bukur e ka b\u00ebr\u00eb me dije vet\u00eb aktori i cili entuziast tha se \u00ebsht\u00eb b\u00ebr\u00eb baba p\u00ebr her\u00eb t\u00eb shtat\u00eb, mir\u00ebpo s\u2019ka dashur t\u00eb zbuloj\u00eb n\u00ebn\u00ebn e f\u00ebmij\u00ebs s\u00eb tij. \u201cSapo ka lindur f\u00ebmija im i shtat\u00eb&#8221;, tha<\/p>\n","protected":false},"author":2,"featured_media":3306,"comment_status":"open","ping_status":"open","sticky":false,"template":"","format":"standard","meta":{"footnotes":""},"categories":[10],"tags":[],"class_list":{"0":"post-3305","1":"post","2":"type-post","3":"status-publish","4":"format-standard","5":"has-post-thumbnail","7":"category-showbiz"},"_links":{"self":[{"href":"https:\/\/revistatrend.com\/index.php\/wp-json\/wp\/v2\/posts\/3305","targetHints":{"allow":["GET"]}}],"collection":[{"href":"https:\/\/revistatrend.com\/index.php\/wp-json\/wp\/v2\/posts"}],"about":[{"href":"https:\/\/revistatrend.com\/index.php\/wp-json\/wp\/v2\/types\/post"}],"author":[{"embeddable":true,"href":"https:\/\/revistatrend.com\/index.php\/wp-json\/wp\/v2\/users\/2"}],"replies":[{"embeddable":true,"href":"https:\/\/revistatrend.com\/index.php\/wp-json\/wp\/v2\/comments?post=3305"}],"version-history":[{"count":1,"href":"https:\/\/revistatrend.com\/index.php\/wp-json\/wp\/v2\/posts\/3305\/revisions"}],"predecessor-version":[{"id":3307,"href":"https:\/\/revistatrend.com\/index.php\/wp-json\/wp\/v2\/posts\/3305\/revisions\/3307"}],"wp:featuredmedia":[{"embeddable":true,"href":"https:\/\/revistatrend.com\/index.php\/wp-json\/wp\/v2\/media\/3306"}],"wp:attachment":[{"href":"https:\/\/revistatrend.com\/index.php\/wp-json\/wp\/v2\/media?parent=3305"}],"wp:term":[{"taxonomy":"category","embeddable":true,"href":"https:\/\/revistatrend.com\/index.php\/wp-json\/wp\/v2\/categories?post=3305"},{"taxonomy":"post_tag","embeddable":true,"href":"https:\/\/revistatrend.com\/index.php\/wp-json\/wp\/v2\/tags?post=3305"}],"curies":[{"name":"wp","href":"https:\/\/api.w.org\/{rel}","templated":true}]}}