{"id":3373,"date":"2023-05-25T20:20:44","date_gmt":"2023-05-25T20:20:44","guid":{"rendered":"https:\/\/revistatrend.com\/?p=3373"},"modified":"2023-05-25T20:20:44","modified_gmt":"2023-05-25T20:20:44","slug":"kengetari-alban-kondi-behet-baba-per-here-te-dyte-zbulon-dhe-emrin-e-bebushit","status":"publish","type":"post","link":"https:\/\/revistatrend.com\/index.php\/2023\/05\/25\/kengetari-alban-kondi-behet-baba-per-here-te-dyte-zbulon-dhe-emrin-e-bebushit\/","title":{"rendered":"K\u00ebng\u00ebtari Alban Kondi b\u00ebhet baba p\u00ebr her\u00eb t\u00eb dyt\u00eb, zbulon dhe emrin e bebushit"},"content":{"rendered":"<p>Familja e k\u00ebng\u00ebtarit t\u00eb njohur Alban Kondi \u00ebsht\u00eb bekuar me nj\u00eb tjet\u00ebr pjestar.<\/p>\n<p>K\u00ebng\u00ebtari i njohur Alban Kondi dhe bashk\u00ebshortja e tij, Eneida Zalli jan\u00eb b\u00ebr\u00eb zyrtarisht prind\u00ebr p\u00ebr her\u00eb t\u00eb dyt\u00eb.<\/p>\n<p>Eneida Zalli ishte ajo q\u00eb b\u00ebri me dije lajmin duke postuar nj\u00eb foto t\u00eb bebushit menj\u00ebher\u00eb pas lindjes s\u00eb tij.<\/p>\n<p>N\u00eb k\u00ebt\u00eb njoftim \u00ebsht\u00eb zbuluar gjithashtu edhe emri i tij, t\u00eb cilin prind\u00ebrit e kan\u00eb vendosur Blin Kondi.<\/p>\n<p>Alban Kondi dhe Eneida Zalli jan\u00eb bashk\u00eb prej 15 vitesh, tashm\u00eb me dy f\u00ebmij\u00eb, Floranin dhe Blinin e sapolindur.<\/p>\n","protected":false},"excerpt":{"rendered":"<p>Familja e k\u00ebng\u00ebtarit t\u00eb njohur Alban Kondi \u00ebsht\u00eb bekuar me nj\u00eb tjet\u00ebr pjestar. K\u00ebng\u00ebtari i njohur Alban Kondi dhe bashk\u00ebshortja e tij, Eneida Zalli jan\u00eb b\u00ebr\u00eb zyrtarisht prind\u00ebr p\u00ebr her\u00eb t\u00eb dyt\u00eb. Eneida Zalli ishte ajo q\u00eb b\u00ebri me dije lajmin duke postuar nj\u00eb foto t\u00eb bebushit menj\u00ebher\u00eb pas lindjes s\u00eb tij. N\u00eb k\u00ebt\u00eb njoftim<\/p>\n","protected":false},"author":2,"featured_media":3374,"comment_status":"open","ping_status":"open","sticky":false,"template":"","format":"standard","meta":{"footnotes":""},"categories":[10],"tags":[],"class_list":{"0":"post-3373","1":"post","2":"type-post","3":"status-publish","4":"format-standard","5":"has-post-thumbnail","7":"category-showbiz"},"_links":{"self":[{"href":"https:\/\/revistatrend.com\/index.php\/wp-json\/wp\/v2\/posts\/3373","targetHints":{"allow":["GET"]}}],"collection":[{"href":"https:\/\/revistatrend.com\/index.php\/wp-json\/wp\/v2\/posts"}],"about":[{"href":"https:\/\/revistatrend.com\/index.php\/wp-json\/wp\/v2\/types\/post"}],"author":[{"embeddable":true,"href":"https:\/\/revistatrend.com\/index.php\/wp-json\/wp\/v2\/users\/2"}],"replies":[{"embeddable":true,"href":"https:\/\/revistatrend.com\/index.php\/wp-json\/wp\/v2\/comments?post=3373"}],"version-history":[{"count":1,"href":"https:\/\/revistatrend.com\/index.php\/wp-json\/wp\/v2\/posts\/3373\/revisions"}],"predecessor-version":[{"id":3375,"href":"https:\/\/revistatrend.com\/index.php\/wp-json\/wp\/v2\/posts\/3373\/revisions\/3375"}],"wp:featuredmedia":[{"embeddable":true,"href":"https:\/\/revistatrend.com\/index.php\/wp-json\/wp\/v2\/media\/3374"}],"wp:attachment":[{"href":"https:\/\/revistatrend.com\/index.php\/wp-json\/wp\/v2\/media?parent=3373"}],"wp:term":[{"taxonomy":"category","embeddable":true,"href":"https:\/\/revistatrend.com\/index.php\/wp-json\/wp\/v2\/categories?post=3373"},{"taxonomy":"post_tag","embeddable":true,"href":"https:\/\/revistatrend.com\/index.php\/wp-json\/wp\/v2\/tags?post=3373"}],"curies":[{"name":"wp","href":"https:\/\/api.w.org\/{rel}","templated":true}]}}