{"id":3452,"date":"2023-05-31T21:48:31","date_gmt":"2023-05-31T21:48:31","guid":{"rendered":"https:\/\/revistatrend.com\/?p=3452"},"modified":"2023-05-31T21:49:28","modified_gmt":"2023-05-31T21:49:28","slug":"al-pacino-behet-baba-ne-moshen-82-vjecare-me-partneren-53-vite-me-te-re","status":"publish","type":"post","link":"https:\/\/revistatrend.com\/index.php\/2023\/05\/31\/al-pacino-behet-baba-ne-moshen-82-vjecare-me-partneren-53-vite-me-te-re\/","title":{"rendered":"Al Pacino b\u00ebhet baba n\u00eb mosh\u00ebn 82- vje\u00e7are me partneren 53 vite m\u00eb t\u00eb re"},"content":{"rendered":"<p>Aktori Al Pacino do t\u00eb b\u00ebhet baba p\u00ebr her\u00eb t\u00eb kat\u00ebrt n\u00eb mosh\u00ebn 82-vje\u00e7are.<\/p>\n<p>Partnerja e tij 29-vje\u00e7are, Noor Alfallah, \u00ebsht\u00eb n\u00eb pritje t\u00eb \u00ebmb\u00ebl dhe \u00ebsht\u00eb n\u00eb muajin e 8-t\u00eb t\u00eb shtatz\u00ebnis\u00eb.<\/p>\n<p>Sipas asaj q\u00eb thuhet, ylli i kinematografis\u00eb \u00ebsht\u00eb n\u00eb nj\u00eb lidhje me 29-vje\u00e7aren q\u00eb nga prilli i vitit 2022.<\/p>\n<p>Dyshja ndez\u00ebn p\u00ebr her\u00eb t\u00eb par\u00eb thashethemet p\u00ebr romanc\u00eb kur u fotografuan duke ngr\u00ebn\u00eb dark\u00eb s\u00eb bashku.<\/p>\n<p style=\"text-align: left;\">Al Pacino ka 3 f\u00ebmij\u00eb me dy gra t\u00eb ndryshme dhe pas nj\u00eb muaji do t\u00eb b\u00ebhet s\u00ebrish baba.<\/p>\n","protected":false},"excerpt":{"rendered":"<p>Aktori Al Pacino do t\u00eb b\u00ebhet baba p\u00ebr her\u00eb t\u00eb kat\u00ebrt n\u00eb mosh\u00ebn 82-vje\u00e7are. Partnerja e tij 29-vje\u00e7are, Noor Alfallah, \u00ebsht\u00eb n\u00eb pritje t\u00eb \u00ebmb\u00ebl dhe \u00ebsht\u00eb n\u00eb muajin e 8-t\u00eb t\u00eb shtatz\u00ebnis\u00eb. Sipas asaj q\u00eb thuhet, ylli i kinematografis\u00eb \u00ebsht\u00eb n\u00eb nj\u00eb lidhje me 29-vje\u00e7aren q\u00eb nga prilli i vitit 2022. Dyshja ndez\u00ebn p\u00ebr<\/p>\n","protected":false},"author":2,"featured_media":3456,"comment_status":"open","ping_status":"open","sticky":false,"template":"","format":"standard","meta":{"footnotes":""},"categories":[10],"tags":[],"class_list":{"0":"post-3452","1":"post","2":"type-post","3":"status-publish","4":"format-standard","5":"has-post-thumbnail","7":"category-showbiz"},"_links":{"self":[{"href":"https:\/\/revistatrend.com\/index.php\/wp-json\/wp\/v2\/posts\/3452","targetHints":{"allow":["GET"]}}],"collection":[{"href":"https:\/\/revistatrend.com\/index.php\/wp-json\/wp\/v2\/posts"}],"about":[{"href":"https:\/\/revistatrend.com\/index.php\/wp-json\/wp\/v2\/types\/post"}],"author":[{"embeddable":true,"href":"https:\/\/revistatrend.com\/index.php\/wp-json\/wp\/v2\/users\/2"}],"replies":[{"embeddable":true,"href":"https:\/\/revistatrend.com\/index.php\/wp-json\/wp\/v2\/comments?post=3452"}],"version-history":[{"count":1,"href":"https:\/\/revistatrend.com\/index.php\/wp-json\/wp\/v2\/posts\/3452\/revisions"}],"predecessor-version":[{"id":3454,"href":"https:\/\/revistatrend.com\/index.php\/wp-json\/wp\/v2\/posts\/3452\/revisions\/3454"}],"wp:featuredmedia":[{"embeddable":true,"href":"https:\/\/revistatrend.com\/index.php\/wp-json\/wp\/v2\/media\/3456"}],"wp:attachment":[{"href":"https:\/\/revistatrend.com\/index.php\/wp-json\/wp\/v2\/media?parent=3452"}],"wp:term":[{"taxonomy":"category","embeddable":true,"href":"https:\/\/revistatrend.com\/index.php\/wp-json\/wp\/v2\/categories?post=3452"},{"taxonomy":"post_tag","embeddable":true,"href":"https:\/\/revistatrend.com\/index.php\/wp-json\/wp\/v2\/tags?post=3452"}],"curies":[{"name":"wp","href":"https:\/\/api.w.org\/{rel}","templated":true}]}}