{"id":3502,"date":"2023-06-07T18:34:19","date_gmt":"2023-06-07T18:34:19","guid":{"rendered":"https:\/\/revistatrend.com\/?p=3502"},"modified":"2023-06-07T18:34:19","modified_gmt":"2023-06-07T18:34:19","slug":"romance-me-deamishel-kristi-vulos-njehere-e-mire-cdo-pikepyetje","status":"publish","type":"post","link":"https:\/\/revistatrend.com\/index.php\/2023\/06\/07\/romance-me-deamishel-kristi-vulos-njehere-e-mire-cdo-pikepyetje\/","title":{"rendered":"Romanc\u00eb me Deamishel? Kristi vulos nj\u00ebher\u00eb e mir\u00eb \u00e7do pik\u00ebpyetje"},"content":{"rendered":"<p>Dea Mishel dhe Krist Aliaj jan\u00eb p\u00ebrfolur shum\u00eb pas daljes nga BBV se mes tyre mund t\u00eb kishte di\u00e7ka m\u00eb shum\u00eb se shoq\u00ebri.<\/p>\n<p>Ata jan\u00eb takuar shpesh dhe kan\u00eb kaluar koh\u00eb me nj\u00ebri-tjetrin.<\/p>\n<p>Por m\u00eb pas ata e mohuan k\u00ebt\u00eb gj\u00eb dhe u shpreh\u00ebn se nuk ka asgj\u00eb mes tyre dhe se jan\u00eb vet\u00ebm miq dhe koleg\u00eb.<\/p>\n<p>Dit\u00ebn e sotme Kristi ka zhvilluar nj\u00eb &#8220;Ask&#8221; me ndjek\u00ebsit e tij dhe ndalet edhe tek kjo \u00e7\u00ebshtje.<\/p>\n<p>Nj\u00ebra nga fanset i shpreh Kristit m\u00ebrzin\u00eb p\u00ebr faktin se mes dyshes nuk ka lindur nj\u00eb romanc\u00eb, e nga ana tjet\u00ebr Kristi i shpreh keqardhjen p\u00ebr k\u00ebt\u00eb zhg\u00ebnjim.<\/p>\n<p>N\u00eb k\u00ebt\u00eb m\u00ebnyr\u00eb dyshja duket se vulosi nj\u00ebher\u00eb e mir\u00eb \u00e7do pik\u00ebpyetje.<\/p>\n<p>&nbsp;<\/p>\n","protected":false},"excerpt":{"rendered":"<p>Dea Mishel dhe Krist Aliaj jan\u00eb p\u00ebrfolur shum\u00eb pas daljes nga BBV se mes tyre mund t\u00eb kishte di\u00e7ka m\u00eb shum\u00eb se shoq\u00ebri. Ata jan\u00eb takuar shpesh dhe kan\u00eb kaluar koh\u00eb me nj\u00ebri-tjetrin. Por m\u00eb pas ata e mohuan k\u00ebt\u00eb gj\u00eb dhe u shpreh\u00ebn se nuk ka asgj\u00eb mes tyre dhe se jan\u00eb vet\u00ebm miq<\/p>\n","protected":false},"author":2,"featured_media":3503,"comment_status":"open","ping_status":"open","sticky":false,"template":"","format":"standard","meta":{"footnotes":""},"categories":[10],"tags":[],"class_list":{"0":"post-3502","1":"post","2":"type-post","3":"status-publish","4":"format-standard","5":"has-post-thumbnail","7":"category-showbiz"},"_links":{"self":[{"href":"https:\/\/revistatrend.com\/index.php\/wp-json\/wp\/v2\/posts\/3502","targetHints":{"allow":["GET"]}}],"collection":[{"href":"https:\/\/revistatrend.com\/index.php\/wp-json\/wp\/v2\/posts"}],"about":[{"href":"https:\/\/revistatrend.com\/index.php\/wp-json\/wp\/v2\/types\/post"}],"author":[{"embeddable":true,"href":"https:\/\/revistatrend.com\/index.php\/wp-json\/wp\/v2\/users\/2"}],"replies":[{"embeddable":true,"href":"https:\/\/revistatrend.com\/index.php\/wp-json\/wp\/v2\/comments?post=3502"}],"version-history":[{"count":1,"href":"https:\/\/revistatrend.com\/index.php\/wp-json\/wp\/v2\/posts\/3502\/revisions"}],"predecessor-version":[{"id":3504,"href":"https:\/\/revistatrend.com\/index.php\/wp-json\/wp\/v2\/posts\/3502\/revisions\/3504"}],"wp:featuredmedia":[{"embeddable":true,"href":"https:\/\/revistatrend.com\/index.php\/wp-json\/wp\/v2\/media\/3503"}],"wp:attachment":[{"href":"https:\/\/revistatrend.com\/index.php\/wp-json\/wp\/v2\/media?parent=3502"}],"wp:term":[{"taxonomy":"category","embeddable":true,"href":"https:\/\/revistatrend.com\/index.php\/wp-json\/wp\/v2\/categories?post=3502"},{"taxonomy":"post_tag","embeddable":true,"href":"https:\/\/revistatrend.com\/index.php\/wp-json\/wp\/v2\/tags?post=3502"}],"curies":[{"name":"wp","href":"https:\/\/api.w.org\/{rel}","templated":true}]}}