{"id":3789,"date":"2023-11-04T12:35:12","date_gmt":"2023-11-04T12:35:12","guid":{"rendered":"https:\/\/revistatrend.com\/?p=3789"},"modified":"2023-11-04T12:35:12","modified_gmt":"2023-11-04T12:35:12","slug":"audi-albania","status":"publish","type":"post","link":"https:\/\/revistatrend.com\/index.php\/2023\/11\/04\/audi-albania\/","title":{"rendered":"Audi Albania"},"content":{"rendered":"<p>Keni probleme me automjet apo sapo keni marr\u00eb mark\u00ebn m\u00eb t\u00eb re t\u00eb Audi, at\u00ebher\u00eb zgjidhjen e gjeni vet\u00ebm tek Porsche Albani pasi \u00ebsht\u00eb importuesi ekskluziv i Audi-t n\u00eb Shqiperi.<\/p>\n<p>N\u00eb Porsche Albania do t\u00eb gjeni servisin e autorizuar dhe pjes\u00ebt origjinale t\u00eb k\u00ebmbimit. Eksperienca dhe standardet austriake n\u00eb sh\u00ebrbim ju japin sigurin\u00eb q\u00eb ju nevojitet p\u00ebr makin\u00ebn ruaj Audi.\u00a0 Tek Audi Albania do t\u00eb gjeni zgjidhjen m\u00eb t\u00eb mir\u00eb p\u00ebr \u00e7do problem q\u00eb mund t\u00eb keni.<\/p>\n<p>P\u00ebr m\u00eb shum\u00eb mund t\u00eb kontaktoni faqen zyrtare ose mund ta vizioni pran\u00eb pik\u00ebs, Autostrada Tirane-Durr\u00ebs Km. 7. Rr. Monun, Tiran\u00eb!<\/p>\n<p><img fetchpriority=\"high\" decoding=\"async\" class=\"alignnone size-full wp-image-3790\" src=\"https:\/\/revistatrend.com\/wp-content\/uploads\/2023\/11\/aser-p-161031-rgb.jpeg\" alt=\"\" width=\"1040\" height=\"1040\" srcset=\"https:\/\/revistatrend.com\/wp-content\/uploads\/2023\/11\/aser-p-161031-rgb.jpeg 1040w, https:\/\/revistatrend.com\/wp-content\/uploads\/2023\/11\/aser-p-161031-rgb-300x300.jpeg 300w, https:\/\/revistatrend.com\/wp-content\/uploads\/2023\/11\/aser-p-161031-rgb-1024x1024.jpeg 1024w, https:\/\/revistatrend.com\/wp-content\/uploads\/2023\/11\/aser-p-161031-rgb-150x150.jpeg 150w, https:\/\/revistatrend.com\/wp-content\/uploads\/2023\/11\/aser-p-161031-rgb-768x768.jpeg 768w, https:\/\/revistatrend.com\/wp-content\/uploads\/2023\/11\/aser-p-161031-rgb-450x450.jpeg 450w\" sizes=\"(max-width: 1040px) 100vw, 1040px\" \/> <img decoding=\"async\" class=\"alignnone size-full wp-image-3791\" src=\"https:\/\/revistatrend.com\/wp-content\/uploads\/2023\/11\/1-1.jpeg\" alt=\"\" width=\"1041\" height=\"585\" srcset=\"https:\/\/revistatrend.com\/wp-content\/uploads\/2023\/11\/1-1.jpeg 1041w, https:\/\/revistatrend.com\/wp-content\/uploads\/2023\/11\/1-1-300x169.jpeg 300w, https:\/\/revistatrend.com\/wp-content\/uploads\/2023\/11\/1-1-1024x575.jpeg 1024w, https:\/\/revistatrend.com\/wp-content\/uploads\/2023\/11\/1-1-768x432.jpeg 768w, https:\/\/revistatrend.com\/wp-content\/uploads\/2023\/11\/1-1-150x84.jpeg 150w, https:\/\/revistatrend.com\/wp-content\/uploads\/2023\/11\/1-1-450x253.jpeg 450w\" sizes=\"(max-width: 1041px) 100vw, 1041px\" \/> <img decoding=\"async\" class=\"alignnone size-full wp-image-3792\" src=\"https:\/\/revistatrend.com\/wp-content\/uploads\/2023\/11\/screenshot-830-.png\" alt=\"\" width=\"1041\" height=\"585\" srcset=\"https:\/\/revistatrend.com\/wp-content\/uploads\/2023\/11\/screenshot-830-.png 1041w, https:\/\/revistatrend.com\/wp-content\/uploads\/2023\/11\/screenshot-830--300x169.png 300w, https:\/\/revistatrend.com\/wp-content\/uploads\/2023\/11\/screenshot-830--1024x575.png 1024w, https:\/\/revistatrend.com\/wp-content\/uploads\/2023\/11\/screenshot-830--768x432.png 768w, https:\/\/revistatrend.com\/wp-content\/uploads\/2023\/11\/screenshot-830--150x84.png 150w, https:\/\/revistatrend.com\/wp-content\/uploads\/2023\/11\/screenshot-830--450x253.png 450w\" sizes=\"(max-width: 1041px) 100vw, 1041px\" \/> <img loading=\"lazy\" decoding=\"async\" class=\"alignnone size-full wp-image-3793\" src=\"https:\/\/revistatrend.com\/wp-content\/uploads\/2023\/11\/3.jpeg\" alt=\"\" width=\"1041\" height=\"585\" srcset=\"https:\/\/revistatrend.com\/wp-content\/uploads\/2023\/11\/3.jpeg 1041w, https:\/\/revistatrend.com\/wp-content\/uploads\/2023\/11\/3-300x169.jpeg 300w, https:\/\/revistatrend.com\/wp-content\/uploads\/2023\/11\/3-1024x575.jpeg 1024w, https:\/\/revistatrend.com\/wp-content\/uploads\/2023\/11\/3-768x432.jpeg 768w, https:\/\/revistatrend.com\/wp-content\/uploads\/2023\/11\/3-150x84.jpeg 150w, https:\/\/revistatrend.com\/wp-content\/uploads\/2023\/11\/3-450x253.jpeg 450w\" sizes=\"(max-width: 1041px) 100vw, 1041px\" \/><\/p>\n","protected":false},"excerpt":{"rendered":"<p>Keni probleme me automjet apo sapo keni marr\u00eb mark\u00ebn m\u00eb t\u00eb re t\u00eb Audi, at\u00ebher\u00eb zgjidhjen e gjeni vet\u00ebm tek Porsche Albani pasi \u00ebsht\u00eb importuesi ekskluziv i Audi-t n\u00eb Shqiperi. N\u00eb Porsche Albania do t\u00eb gjeni servisin e autorizuar dhe pjes\u00ebt origjinale t\u00eb k\u00ebmbimit. Eksperienca dhe standardet austriake n\u00eb sh\u00ebrbim ju japin sigurin\u00eb q\u00eb ju<\/p>\n","protected":false},"author":1,"featured_media":3790,"comment_status":"open","ping_status":"open","sticky":false,"template":"","format":"standard","meta":{"footnotes":""},"categories":[32],"tags":[],"class_list":{"0":"post-3789","1":"post","2":"type-post","3":"status-publish","4":"format-standard","5":"has-post-thumbnail","7":"category-trend-business"},"_links":{"self":[{"href":"https:\/\/revistatrend.com\/index.php\/wp-json\/wp\/v2\/posts\/3789","targetHints":{"allow":["GET"]}}],"collection":[{"href":"https:\/\/revistatrend.com\/index.php\/wp-json\/wp\/v2\/posts"}],"about":[{"href":"https:\/\/revistatrend.com\/index.php\/wp-json\/wp\/v2\/types\/post"}],"author":[{"embeddable":true,"href":"https:\/\/revistatrend.com\/index.php\/wp-json\/wp\/v2\/users\/1"}],"replies":[{"embeddable":true,"href":"https:\/\/revistatrend.com\/index.php\/wp-json\/wp\/v2\/comments?post=3789"}],"version-history":[{"count":1,"href":"https:\/\/revistatrend.com\/index.php\/wp-json\/wp\/v2\/posts\/3789\/revisions"}],"predecessor-version":[{"id":3794,"href":"https:\/\/revistatrend.com\/index.php\/wp-json\/wp\/v2\/posts\/3789\/revisions\/3794"}],"wp:featuredmedia":[{"embeddable":true,"href":"https:\/\/revistatrend.com\/index.php\/wp-json\/wp\/v2\/media\/3790"}],"wp:attachment":[{"href":"https:\/\/revistatrend.com\/index.php\/wp-json\/wp\/v2\/media?parent=3789"}],"wp:term":[{"taxonomy":"category","embeddable":true,"href":"https:\/\/revistatrend.com\/index.php\/wp-json\/wp\/v2\/categories?post=3789"},{"taxonomy":"post_tag","embeddable":true,"href":"https:\/\/revistatrend.com\/index.php\/wp-json\/wp\/v2\/tags?post=3789"}],"curies":[{"name":"wp","href":"https:\/\/api.w.org\/{rel}","templated":true}]}}