{"id":4451,"date":"2023-11-20T12:22:53","date_gmt":"2023-11-20T12:22:53","guid":{"rendered":"https:\/\/revistatrend.com\/?p=4451"},"modified":"2023-11-20T12:26:22","modified_gmt":"2023-11-20T12:26:22","slug":"smeg","status":"publish","type":"post","link":"https:\/\/revistatrend.com\/index.php\/2023\/11\/20\/smeg\/","title":{"rendered":"Smeg"},"content":{"rendered":"<p>Smeg \u00ebsht\u00eb nj\u00eb\u00a0\u00a0prodhues italian i pajisjeve sht\u00ebpiake\u00a0\u00a0me baz\u00eb n\u00eb Guastalla, pran\u00eb Reggio Emilia n\u00eb veri t\u00eb vendit.\u00a0Smeg ka\u00a0filiale\u00a0\u00a0n\u00eb mbar\u00eb bot\u00ebn,\u00a0\u00a0zyra jasht\u00eb shtetit\u00a0\u00a0dhe nj\u00eb rrjet t\u00eb gjer\u00eb shitjesh. Ngjyra, dizajni dhe teknologjia. Smeg ka projektuar pajisje sht\u00ebpiake inovative p\u00ebr t\u00eb gjitha mjediset e p\u00ebrditshme q\u00eb nga viti 1948. N\u00eb fush\u00ebn e esencave aromatike t\u00eb kufizuara, inovacioni teknologjik bashkohet me kultur\u00ebn cil\u00ebsore p\u00ebr nj\u00eb aktivitet t\u00eb prodhimit t\u00eb pajisjeve sht\u00ebpiake.<\/p>\n<p>Vizioni, intuita, shtrirja nd\u00ebrkomb\u00ebtare: p\u00ebr shkak t\u00eb nj\u00eb kulture biznesi q\u00eb i kushton v\u00ebmendjen m\u00eb t\u00eb madhe cil\u00ebsis\u00eb, p\u00ebrmbajtjeve teknologjike me nj\u00eb fokus ekstrem n\u00eb kursimin e energjis\u00eb.<\/p>\n<p>Grupi Smeg njihet n\u00eb shkall\u00eb nd\u00ebrkomb\u00ebtare si nj\u00eb organizator i p\u00ebrsosm\u00ebris\u00eb Made in Italy. Marka identifikohet me tiparet e dizajnit italian, si eleganca krijuese, origjinaliteti dhe produktet cil\u00ebsore.\u00a0Ky aspekt nuk bazohet vet\u00ebm n\u00eb \u00e7\u00ebshtjen e stilit, por \u00ebsht\u00eb m\u00eb tep\u00ebr shprehja e origjin\u00ebs s\u00eb vet\u00eb Mark\u00ebs dhe e pasionit t\u00eb saj.\u00a0Fotografit\u00eb besnike t\u00eb vendit t\u00eb stilit, pajisjet sht\u00ebpiake t\u00eb Smeg, t\u00eb tilla si frigoriferi i viteve pes\u00ebdhjet\u00eb ose sobat t\u00ebr\u00ebsisht prej \u00e7eliku, b\u00ebhen objekte t\u00eb afta p\u00ebr t\u00eb ndikuar n\u00eb evolucionin e shijes dhe p\u00ebr t\u00eb krijuar marr\u00ebdh\u00ebnie q\u00eb shkojn\u00eb p\u00ebrtej k\u00ebrkesave t\u00eb thjeshta praktike.\u00a0Pik\u00ebrisht me k\u00ebt\u00eb frym\u00eb precize u krijuan partneritetet me stilist\u00eb dhe arkitekt\u00eb t\u00eb m\u00ebdhenj dhe nj\u00ebkoh\u00ebsisht jan\u00eb konsoliduar projektet p\u00ebr zhvillimin e brendsh\u00ebm, p\u00ebr t\u00eb interpretuar m\u00eb mir\u00eb shijet dhe tendencat.<\/p>\n<p>P\u00ebr Smeg, stili \u00ebsht\u00eb para s\u00eb gjithash nj\u00eb nocion dallues, nj\u00eb qasje e komunikimit t\u00eb produktit p\u00ebr t\u00eb shijuar pajisjen sht\u00ebpiake!<img fetchpriority=\"high\" decoding=\"async\" class=\"alignnone size-full wp-image-4452\" src=\"https:\/\/revistatrend.com\/wp-content\/uploads\/2023\/11\/fotoo3-64.png\" alt=\"\" width=\"814\" height=\"801\" srcset=\"https:\/\/revistatrend.com\/wp-content\/uploads\/2023\/11\/fotoo3-64.png 814w, https:\/\/revistatrend.com\/wp-content\/uploads\/2023\/11\/fotoo3-64-300x295.png 300w, https:\/\/revistatrend.com\/wp-content\/uploads\/2023\/11\/fotoo3-64-768x756.png 768w, https:\/\/revistatrend.com\/wp-content\/uploads\/2023\/11\/fotoo3-64-150x148.png 150w, https:\/\/revistatrend.com\/wp-content\/uploads\/2023\/11\/fotoo3-64-450x443.png 450w\" sizes=\"(max-width: 814px) 100vw, 814px\" \/> <img decoding=\"async\" class=\"alignnone size-full wp-image-4453\" src=\"https:\/\/revistatrend.com\/wp-content\/uploads\/2023\/11\/fotooo2-91.png\" alt=\"\" width=\"679\" height=\"772\" srcset=\"https:\/\/revistatrend.com\/wp-content\/uploads\/2023\/11\/fotooo2-91.png 679w, https:\/\/revistatrend.com\/wp-content\/uploads\/2023\/11\/fotooo2-91-264x300.png 264w, https:\/\/revistatrend.com\/wp-content\/uploads\/2023\/11\/fotooo2-91-150x171.png 150w, https:\/\/revistatrend.com\/wp-content\/uploads\/2023\/11\/fotooo2-91-450x512.png 450w\" sizes=\"(max-width: 679px) 100vw, 679px\" \/> <img decoding=\"async\" class=\"alignnone size-full wp-image-4454\" src=\"https:\/\/revistatrend.com\/wp-content\/uploads\/2023\/11\/fotooo1-91.png\" alt=\"\" width=\"420\" height=\"445\" srcset=\"https:\/\/revistatrend.com\/wp-content\/uploads\/2023\/11\/fotooo1-91.png 420w, https:\/\/revistatrend.com\/wp-content\/uploads\/2023\/11\/fotooo1-91-283x300.png 283w, https:\/\/revistatrend.com\/wp-content\/uploads\/2023\/11\/fotooo1-91-150x159.png 150w\" sizes=\"(max-width: 420px) 100vw, 420px\" \/><\/p>\n","protected":false},"excerpt":{"rendered":"<p>Smeg \u00ebsht\u00eb nj\u00eb\u00a0\u00a0prodhues italian i pajisjeve sht\u00ebpiake\u00a0\u00a0me baz\u00eb n\u00eb Guastalla, pran\u00eb Reggio Emilia n\u00eb veri t\u00eb vendit.\u00a0Smeg ka\u00a0filiale\u00a0\u00a0n\u00eb mbar\u00eb bot\u00ebn,\u00a0\u00a0zyra jasht\u00eb shtetit\u00a0\u00a0dhe nj\u00eb rrjet t\u00eb gjer\u00eb shitjesh. Ngjyra, dizajni dhe teknologjia. Smeg ka projektuar pajisje sht\u00ebpiake inovative p\u00ebr t\u00eb gjitha mjediset e p\u00ebrditshme q\u00eb nga viti 1948. N\u00eb fush\u00ebn e esencave aromatike t\u00eb kufizuara, inovacioni<\/p>\n","protected":false},"author":1,"featured_media":4453,"comment_status":"open","ping_status":"open","sticky":false,"template":"","format":"standard","meta":{"footnotes":""},"categories":[32],"tags":[],"class_list":{"0":"post-4451","1":"post","2":"type-post","3":"status-publish","4":"format-standard","5":"has-post-thumbnail","7":"category-trend-business"},"_links":{"self":[{"href":"https:\/\/revistatrend.com\/index.php\/wp-json\/wp\/v2\/posts\/4451","targetHints":{"allow":["GET"]}}],"collection":[{"href":"https:\/\/revistatrend.com\/index.php\/wp-json\/wp\/v2\/posts"}],"about":[{"href":"https:\/\/revistatrend.com\/index.php\/wp-json\/wp\/v2\/types\/post"}],"author":[{"embeddable":true,"href":"https:\/\/revistatrend.com\/index.php\/wp-json\/wp\/v2\/users\/1"}],"replies":[{"embeddable":true,"href":"https:\/\/revistatrend.com\/index.php\/wp-json\/wp\/v2\/comments?post=4451"}],"version-history":[{"count":1,"href":"https:\/\/revistatrend.com\/index.php\/wp-json\/wp\/v2\/posts\/4451\/revisions"}],"predecessor-version":[{"id":4455,"href":"https:\/\/revistatrend.com\/index.php\/wp-json\/wp\/v2\/posts\/4451\/revisions\/4455"}],"wp:featuredmedia":[{"embeddable":true,"href":"https:\/\/revistatrend.com\/index.php\/wp-json\/wp\/v2\/media\/4453"}],"wp:attachment":[{"href":"https:\/\/revistatrend.com\/index.php\/wp-json\/wp\/v2\/media?parent=4451"}],"wp:term":[{"taxonomy":"category","embeddable":true,"href":"https:\/\/revistatrend.com\/index.php\/wp-json\/wp\/v2\/categories?post=4451"},{"taxonomy":"post_tag","embeddable":true,"href":"https:\/\/revistatrend.com\/index.php\/wp-json\/wp\/v2\/tags?post=4451"}],"curies":[{"name":"wp","href":"https:\/\/api.w.org\/{rel}","templated":true}]}}