{"id":4752,"date":"2024-01-21T08:30:47","date_gmt":"2024-01-21T08:30:47","guid":{"rendered":"https:\/\/revistatrend.com\/?p=4752"},"modified":"2024-01-21T08:30:47","modified_gmt":"2024-01-21T08:30:47","slug":"ulen-temperaturat-moti-i-keq-mberthen-vendin","status":"publish","type":"post","link":"https:\/\/revistatrend.com\/index.php\/2024\/01\/21\/ulen-temperaturat-moti-i-keq-mberthen-vendin\/","title":{"rendered":"Ulen temperaturat, moti i keq mb\u00ebrthen vendin!"},"content":{"rendered":"<p>Vendi yn\u00eb gjat\u00eb mesnat\u00ebs \u00ebsht\u00eb p\u00ebrfshir\u00eb nga moti i paq\u00ebndruesh\u00ebm, ku n\u00eb<br \/>\nshum\u00eb zona ka pasur reshje t\u00eb dendura shiu dhe d\u00ebbore duke krijuar<br \/>\nv\u00ebshtir\u00ebsi n\u00eb qarkullim. M\u00ebsohet se n\u00eb zon\u00ebn veriore ka pasur reshje d\u00ebbore<br \/>\nme intensitet dhe er\u00eb si n\u00eb Ura e Zapodit-Shishtavec n\u00eb Tamar\u00eb-Vermosh, n\u00eb<br \/>\nQaf\u00eb Thore-Bog\u00eb, Klos, Peshkopi, Bajram Curri-Fierz\u00eb, n\u00eb Tropoj\u00eb. N\u00eb<br \/>\nm\u00ebngjes edhe n\u00eb Qaf\u00eb Than\u00eb kan\u00eb filluar reshjet e d\u00ebbor\u00ebs me intensitet<br \/>\nmesatar.<\/p>\n<p><img fetchpriority=\"high\" decoding=\"async\" class=\"alignnone size-full wp-image-4753\" src=\"https:\/\/revistatrend.com\/wp-content\/uploads\/2024\/01\/ft2.jpg\" alt=\"\" width=\"1200\" height=\"630\" srcset=\"https:\/\/revistatrend.com\/wp-content\/uploads\/2024\/01\/ft2.jpg 1200w, https:\/\/revistatrend.com\/wp-content\/uploads\/2024\/01\/ft2-300x158.jpg 300w, https:\/\/revistatrend.com\/wp-content\/uploads\/2024\/01\/ft2-1024x538.jpg 1024w, https:\/\/revistatrend.com\/wp-content\/uploads\/2024\/01\/ft2-768x403.jpg 768w, https:\/\/revistatrend.com\/wp-content\/uploads\/2024\/01\/ft2-150x79.jpg 150w, https:\/\/revistatrend.com\/wp-content\/uploads\/2024\/01\/ft2-450x236.jpg 450w\" sizes=\"(max-width: 1200px) 100vw, 1200px\" \/><\/p>\n<p>\u201cReshje shiu me intensitet mesatar kan\u00eb p\u00ebrshkuar vendin duke sjell\u00eb r\u00ebnie<br \/>\ngur\u00ebsh e materialesh si n\u00eb Skuraj-Burrel, t\u00eb cilat jan\u00eb pastruar menj\u00ebher\u00eb nga<br \/>\ngrupet e pun\u00ebs duke mos lejuar t\u00eb krijohet v\u00ebshtir\u00ebsi n\u00eb qarkullim. N\u00eb zon\u00ebn<br \/>\nveriore ka pasur reshje d\u00ebbore me intensitet dhe er\u00eb si n\u00eb Ura e Zapodit-<br \/>\nShishtavec n\u00eb Tamar\u00eb-Vermosh, n\u00eb Qaf\u00eb Thore-Bog\u00eb, Klos, Peshkopi,<br \/>\nBajram Curri-Fierz\u00eb, n\u00eb Tropoj\u00eb. N\u00eb m\u00ebngjes edhe n\u00eb Qaf\u00eb Than\u00eb kan\u00eb filluar<br \/>\nreshjet e d\u00ebbor\u00ebs me intensitet mesatar. Mjetet bor\u00ebpastruse dhe pun\u00ebtor\u00ebt e<br \/>\nmir\u00ebmbajtjes kan\u00eb qen\u00eb n\u00eb terren pa nd\u00ebrprerje.<\/p>\n<p>Rrug\u00ebt jan\u00eb t\u00eb pastruara nga d\u00ebbora dhe qarkullimi vijon pa probleme.<br \/>\nDrejtuesit e mjeteve t\u00eb pajisen me goma dim\u00ebrore dhe zinxhir\u00eb kur udh\u00ebtojn\u00eb<br \/>\np\u00ebr n\u00eb segmentet me prezenc\u00eb d\u00ebbore, t\u00eb ulin shpejt\u00ebsin\u00eb, t\u00eb respektojn\u00eb<br \/>\nsinjalistik\u00ebn dhe udh\u00ebzimet e Policis\u00eb Rrugore\u201d, njofton ARRSH.<\/p>\n","protected":false},"excerpt":{"rendered":"<p>Vendi yn\u00eb gjat\u00eb mesnat\u00ebs \u00ebsht\u00eb p\u00ebrfshir\u00eb nga moti i paq\u00ebndruesh\u00ebm, ku n\u00eb shum\u00eb zona ka pasur reshje t\u00eb dendura shiu dhe d\u00ebbore duke krijuar v\u00ebshtir\u00ebsi n\u00eb qarkullim. M\u00ebsohet se n\u00eb zon\u00ebn veriore ka pasur reshje d\u00ebbore me intensitet dhe er\u00eb si n\u00eb Ura e Zapodit-Shishtavec n\u00eb Tamar\u00eb-Vermosh, n\u00eb Qaf\u00eb Thore-Bog\u00eb, Klos, Peshkopi, Bajram Curri-Fierz\u00eb, n\u00eb<\/p>\n","protected":false},"author":1,"featured_media":4754,"comment_status":"open","ping_status":"open","sticky":false,"template":"","format":"standard","meta":{"footnotes":""},"categories":[38],"tags":[],"class_list":{"0":"post-4752","1":"post","2":"type-post","3":"status-publish","4":"format-standard","5":"has-post-thumbnail","7":"category-reality-tv"},"_links":{"self":[{"href":"https:\/\/revistatrend.com\/index.php\/wp-json\/wp\/v2\/posts\/4752","targetHints":{"allow":["GET"]}}],"collection":[{"href":"https:\/\/revistatrend.com\/index.php\/wp-json\/wp\/v2\/posts"}],"about":[{"href":"https:\/\/revistatrend.com\/index.php\/wp-json\/wp\/v2\/types\/post"}],"author":[{"embeddable":true,"href":"https:\/\/revistatrend.com\/index.php\/wp-json\/wp\/v2\/users\/1"}],"replies":[{"embeddable":true,"href":"https:\/\/revistatrend.com\/index.php\/wp-json\/wp\/v2\/comments?post=4752"}],"version-history":[{"count":1,"href":"https:\/\/revistatrend.com\/index.php\/wp-json\/wp\/v2\/posts\/4752\/revisions"}],"predecessor-version":[{"id":4755,"href":"https:\/\/revistatrend.com\/index.php\/wp-json\/wp\/v2\/posts\/4752\/revisions\/4755"}],"wp:featuredmedia":[{"embeddable":true,"href":"https:\/\/revistatrend.com\/index.php\/wp-json\/wp\/v2\/media\/4754"}],"wp:attachment":[{"href":"https:\/\/revistatrend.com\/index.php\/wp-json\/wp\/v2\/media?parent=4752"}],"wp:term":[{"taxonomy":"category","embeddable":true,"href":"https:\/\/revistatrend.com\/index.php\/wp-json\/wp\/v2\/categories?post=4752"},{"taxonomy":"post_tag","embeddable":true,"href":"https:\/\/revistatrend.com\/index.php\/wp-json\/wp\/v2\/tags?post=4752"}],"curies":[{"name":"wp","href":"https:\/\/api.w.org\/{rel}","templated":true}]}}