{"id":4756,"date":"2024-01-21T08:33:16","date_gmt":"2024-01-21T08:33:16","guid":{"rendered":"https:\/\/revistatrend.com\/?p=4756"},"modified":"2024-01-21T08:33:16","modified_gmt":"2024-01-21T08:33:16","slug":"une-te-shkul-floket-te-shkul-ekstejshenat-meri-shehu-per-roza-latin-nuk-mund-te-me-ule-nje-zhargavine","status":"publish","type":"post","link":"https:\/\/revistatrend.com\/index.php\/2024\/01\/21\/une-te-shkul-floket-te-shkul-ekstejshenat-meri-shehu-per-roza-latin-nuk-mund-te-me-ule-nje-zhargavine\/","title":{"rendered":"\u201cUn\u00eb t\u00eb shkul flok\u00ebt, t\u00eb shkul ekstejsh\u00ebnat\u201d\/ Meri Shehu p\u00ebr Roza Latin: Nuk mund t\u00eb m\u00eb ul\u00eb nj\u00eb zhargavin\u00eb!"},"content":{"rendered":"<p>Debatet mes Merit dhe Roza Latit vazhdojn\u00eb. N\u00eb nj\u00eb bised\u00eb me Egl\u00ebn, Meri<br \/>\nShehu tregon se \u00ebsht\u00eb kapur s\u00ebrish me Roz\u00ebn, k\u00ebt\u00eb her\u00eb sepse i tha q\u00eb<br \/>\nmjekra e saj duket silikon. Sipas saj, Roza i \u00ebsht\u00eb kthyer duke i th\u00ebn\u00eb: Do ia<br \/>\nshkulte flok\u00ebt dhe ekshtejsh\u00ebnat.<\/p>\n<p>Meri Shehu: I thash\u00eb ia kjo mjekra duket si silikon. Kaq dhe ika dhe m\u00eb tha<br \/>\nmua moj k\u00eb quan ti\u2026? I thash\u00eb moj je n\u00eb terezi ti? I thash\u00eb je mir\u00eb ti moj? Po<br \/>\nun\u00eb t\u00eb shkul flok\u00ebt, t\u00eb shkul ekstejsh\u00ebnat, e di t\u2019i se \u00e7far\u00eb t\u00eb b\u00ebj un\u00eb? Ua<br \/>\nthash\u00eb un\u00eb iku kjo! Kush \u00ebsht\u00eb ajo? T\u00eb gjith\u00eb kemi l\u00ebn\u00eb sht\u00ebpit\u00eb tona, njer\u00ebzit<br \/>\ntan\u00eb, por jo t\u00eb na ul\u00eb nj\u00eb cop\u00eb zhargavin\u00eb.<\/p>\n<p><img fetchpriority=\"high\" decoding=\"async\" class=\"alignnone size-full wp-image-4757\" src=\"https:\/\/revistatrend.com\/wp-content\/uploads\/2024\/01\/meri.png\" alt=\"\" width=\"638\" height=\"331\" srcset=\"https:\/\/revistatrend.com\/wp-content\/uploads\/2024\/01\/meri.png 638w, https:\/\/revistatrend.com\/wp-content\/uploads\/2024\/01\/meri-300x156.png 300w, https:\/\/revistatrend.com\/wp-content\/uploads\/2024\/01\/meri-150x78.png 150w, https:\/\/revistatrend.com\/wp-content\/uploads\/2024\/01\/meri-450x233.png 450w\" sizes=\"(max-width: 638px) 100vw, 638px\" \/><\/p>\n<p>Egla: Mos e quaj zhargavin\u00eb se \u00ebsht\u00eb gjynah.<\/p>\n<p>Meri Shehu: \u00cbsht\u00eb gjynah, duhet t\u00eb rritet.<\/p>\n<p>Egla: N\u00eb qoft\u00eb se ke mund\u00ebsi ta ndihmosh, ndihmoje, n\u00ebse s\u2019ke mund\u00ebsi<br \/>\nsh\u00ebndet.<\/p>\n<p>Meri Shehu: S\u2019t\u00eb l\u00eb ajo ta ndihmosh, edhe kur i afrohesh me dashuri ajo t\u00eb\u2026<br \/>\nPor un\u00eb b\u00ebj timen. Mua m\u00eb vjen inat pse t\u00eb prish\u00eb at\u00eb imazhin e bukur t\u00eb nj\u00eb<br \/>\ngj\u00ebje t\u00eb madhe, kaq.<\/p>\n","protected":false},"excerpt":{"rendered":"<p>Debatet mes Merit dhe Roza Latit vazhdojn\u00eb. N\u00eb nj\u00eb bised\u00eb me Egl\u00ebn, Meri Shehu tregon se \u00ebsht\u00eb kapur s\u00ebrish me Roz\u00ebn, k\u00ebt\u00eb her\u00eb sepse i tha q\u00eb mjekra e saj duket silikon. Sipas saj, Roza i \u00ebsht\u00eb kthyer duke i th\u00ebn\u00eb: Do ia shkulte flok\u00ebt dhe ekshtejsh\u00ebnat. Meri Shehu: I thash\u00eb ia kjo mjekra duket<\/p>\n","protected":false},"author":1,"featured_media":4758,"comment_status":"open","ping_status":"open","sticky":false,"template":"","format":"standard","meta":{"footnotes":""},"categories":[10],"tags":[],"class_list":{"0":"post-4756","1":"post","2":"type-post","3":"status-publish","4":"format-standard","5":"has-post-thumbnail","7":"category-showbiz"},"_links":{"self":[{"href":"https:\/\/revistatrend.com\/index.php\/wp-json\/wp\/v2\/posts\/4756","targetHints":{"allow":["GET"]}}],"collection":[{"href":"https:\/\/revistatrend.com\/index.php\/wp-json\/wp\/v2\/posts"}],"about":[{"href":"https:\/\/revistatrend.com\/index.php\/wp-json\/wp\/v2\/types\/post"}],"author":[{"embeddable":true,"href":"https:\/\/revistatrend.com\/index.php\/wp-json\/wp\/v2\/users\/1"}],"replies":[{"embeddable":true,"href":"https:\/\/revistatrend.com\/index.php\/wp-json\/wp\/v2\/comments?post=4756"}],"version-history":[{"count":1,"href":"https:\/\/revistatrend.com\/index.php\/wp-json\/wp\/v2\/posts\/4756\/revisions"}],"predecessor-version":[{"id":4759,"href":"https:\/\/revistatrend.com\/index.php\/wp-json\/wp\/v2\/posts\/4756\/revisions\/4759"}],"wp:featuredmedia":[{"embeddable":true,"href":"https:\/\/revistatrend.com\/index.php\/wp-json\/wp\/v2\/media\/4758"}],"wp:attachment":[{"href":"https:\/\/revistatrend.com\/index.php\/wp-json\/wp\/v2\/media?parent=4756"}],"wp:term":[{"taxonomy":"category","embeddable":true,"href":"https:\/\/revistatrend.com\/index.php\/wp-json\/wp\/v2\/categories?post=4756"},{"taxonomy":"post_tag","embeddable":true,"href":"https:\/\/revistatrend.com\/index.php\/wp-json\/wp\/v2\/tags?post=4756"}],"curies":[{"name":"wp","href":"https:\/\/api.w.org\/{rel}","templated":true}]}}