{"id":4764,"date":"2024-01-22T18:09:07","date_gmt":"2024-01-22T18:09:07","guid":{"rendered":"https:\/\/revistatrend.com\/?p=4764"},"modified":"2024-01-22T18:09:07","modified_gmt":"2024-01-22T18:09:07","slug":"nuk-kam-dhunuar-gruan-klodian-duro-pas-perjashtimit-nga-bbvip-fajin-e-kishte-roza-lati","status":"publish","type":"post","link":"https:\/\/revistatrend.com\/index.php\/2024\/01\/22\/nuk-kam-dhunuar-gruan-klodian-duro-pas-perjashtimit-nga-bbvip-fajin-e-kishte-roza-lati\/","title":{"rendered":"\u201cNuk kam dhunuar gruan\u201d\/ Klodian Duro pas p\u00ebrjashtimit nga BBVIP: Fajin e kishte Roza Lati!"},"content":{"rendered":"<p>Klodian Duro i cili u p\u00ebrjashtua nga Big Brother, pasi n\u00ebn efektin e alkoolit paralajm\u00ebroi banor\u00ebt se duhet t\u00eb ken\u00eb kujdes nga ai, pasi kur ka dhunuar bashk\u00ebshorten e vet, i duken asgj\u00eb t\u00eb tjer\u00ebt.<\/p>\n<p>Duro ka mohuar se ka ushtruar dhun\u00eb ndaj ish-bashk\u00ebshortes, duke pohuar se lajmet q\u00eb jan\u00eb publikuar rreth tij, jan\u00eb t\u00eb pav\u00ebrteta.<\/p>\n<p><img fetchpriority=\"high\" decoding=\"async\" class=\"alignnone size-full wp-image-4765\" src=\"https:\/\/revistatrend.com\/wp-content\/uploads\/2024\/01\/klod.png\" alt=\"\" width=\"600\" height=\"357\" srcset=\"https:\/\/revistatrend.com\/wp-content\/uploads\/2024\/01\/klod.png 600w, https:\/\/revistatrend.com\/wp-content\/uploads\/2024\/01\/klod-300x179.png 300w, https:\/\/revistatrend.com\/wp-content\/uploads\/2024\/01\/klod-150x89.png 150w, https:\/\/revistatrend.com\/wp-content\/uploads\/2024\/01\/klod-450x268.png 450w\" sizes=\"(max-width: 600px) 100vw, 600px\" \/><\/p>\n<p>\u201cKjo ishte edhe ironia. Edhe nj\u00ebher\u00eb, i k\u00ebrkoj ndjes\u00eb t\u00eb gjith\u00ebve, sepse sado pak, nuk mund t\u00eb b\u00ebhet ironi me dhun\u00ebn. Un\u00eb kam p\u00ebrs\u00ebritur fjal\u00ebt e Roz\u00ebs. Q\u00eb ku banor\u00ebt pan\u00eb klipin tim, ajo ka th\u00ebn\u00eb po hyn ky q\u00eb ka rrahur gruan. Kjo ishte e tep\u00ebrt, ma than\u00eb banor\u00ebt e tjer\u00eb. \u00cbsht\u00eb e r\u00ebnd\u00eb ta d\u00ebgjosh nga nj\u00eb banor aty. Meritoni dinte gjith\u00e7ka, t\u00eb gjith\u00eb banor\u00ebt e dinin kush \u00ebsht\u00eb banorja q\u00eb ka folur kund\u00ebr Klodit. Ata e shikonin q\u00eb un\u00eb injoroja n\u00eb \u00e7do moment. Un\u00eb kam pasur shum\u00eb dhimbje pas divorcit me ish-gruan, por e vler\u00ebsoj maksimalisht, \u00ebsht\u00eb n\u00ebna e vajz\u00ebs sime. Kam respekt maksimal p\u00ebr t\u00eb, ka b\u00ebr\u00eb gjith\u00e7ka p\u00ebr vajz\u00ebn ton\u00eb. Ajo e di shum\u00eb mir\u00eb q\u00eb babi e do shum\u00eb, \u00ebsht\u00eb dashuria e vetme sot q\u00eb ne flasim. Ish-bashk\u00ebshortes i them se do t\u00eb jem gjithnj\u00eb pran\u00eb saj p\u00ebr \u00e7far\u00eb i duhet asaj dhe vajz\u00ebs. Kjo ishte dhe nj\u00eb nga motivet e hyrjes sime, hyra q\u00eb t\u00eb gjith\u00eb t\u00eb shikonin se kush \u00ebsht\u00eb Klodi n\u00eb t\u00eb v\u00ebrtet\u00eb. T\u00eb gjith\u00eb t\u00eb m\u00eb njihnin dhe vajza ime t\u00eb ishte krenare p\u00ebr mua\u201d, deklaroi ai.<\/p>\n","protected":false},"excerpt":{"rendered":"<p>Klodian Duro i cili u p\u00ebrjashtua nga Big Brother, pasi n\u00ebn efektin e alkoolit paralajm\u00ebroi banor\u00ebt se duhet t\u00eb ken\u00eb kujdes nga ai, pasi kur ka dhunuar bashk\u00ebshorten e vet, i duken asgj\u00eb t\u00eb tjer\u00ebt. Duro ka mohuar se ka ushtruar dhun\u00eb ndaj ish-bashk\u00ebshortes, duke pohuar se lajmet q\u00eb jan\u00eb publikuar rreth tij, jan\u00eb t\u00eb<\/p>\n","protected":false},"author":1,"featured_media":4766,"comment_status":"open","ping_status":"open","sticky":false,"template":"","format":"standard","meta":{"footnotes":""},"categories":[10],"tags":[],"class_list":{"0":"post-4764","1":"post","2":"type-post","3":"status-publish","4":"format-standard","5":"has-post-thumbnail","7":"category-showbiz"},"_links":{"self":[{"href":"https:\/\/revistatrend.com\/index.php\/wp-json\/wp\/v2\/posts\/4764","targetHints":{"allow":["GET"]}}],"collection":[{"href":"https:\/\/revistatrend.com\/index.php\/wp-json\/wp\/v2\/posts"}],"about":[{"href":"https:\/\/revistatrend.com\/index.php\/wp-json\/wp\/v2\/types\/post"}],"author":[{"embeddable":true,"href":"https:\/\/revistatrend.com\/index.php\/wp-json\/wp\/v2\/users\/1"}],"replies":[{"embeddable":true,"href":"https:\/\/revistatrend.com\/index.php\/wp-json\/wp\/v2\/comments?post=4764"}],"version-history":[{"count":1,"href":"https:\/\/revistatrend.com\/index.php\/wp-json\/wp\/v2\/posts\/4764\/revisions"}],"predecessor-version":[{"id":4767,"href":"https:\/\/revistatrend.com\/index.php\/wp-json\/wp\/v2\/posts\/4764\/revisions\/4767"}],"wp:featuredmedia":[{"embeddable":true,"href":"https:\/\/revistatrend.com\/index.php\/wp-json\/wp\/v2\/media\/4766"}],"wp:attachment":[{"href":"https:\/\/revistatrend.com\/index.php\/wp-json\/wp\/v2\/media?parent=4764"}],"wp:term":[{"taxonomy":"category","embeddable":true,"href":"https:\/\/revistatrend.com\/index.php\/wp-json\/wp\/v2\/categories?post=4764"},{"taxonomy":"post_tag","embeddable":true,"href":"https:\/\/revistatrend.com\/index.php\/wp-json\/wp\/v2\/tags?post=4764"}],"curies":[{"name":"wp","href":"https:\/\/api.w.org\/{rel}","templated":true}]}}