{"id":4787,"date":"2024-01-23T14:14:06","date_gmt":"2024-01-23T14:14:06","guid":{"rendered":"https:\/\/revistatrend.com\/?p=4787"},"modified":"2024-01-23T14:14:06","modified_gmt":"2024-01-23T14:14:06","slug":"as-per-loje-nuk-do-e-bente-vellai-i-ilnises-zbulon-biseden-me-gazetaren-para-se-te-hynte-ne-bbv","status":"publish","type":"post","link":"https:\/\/revistatrend.com\/index.php\/2024\/01\/23\/as-per-loje-nuk-do-e-bente-vellai-i-ilnises-zbulon-biseden-me-gazetaren-para-se-te-hynte-ne-bbv\/","title":{"rendered":"\u201cAs p\u00ebr loj\u00eb nuk do e b\u00ebnte \u201c\/ V\u00ebllai i Ilnis\u00ebs zbulon bised\u00ebn me gazetaren para se t\u00eb hynte n\u00eb BBV!"},"content":{"rendered":"<p>V\u00ebllai i Ilnisa Agollit, Kevin ka reaguar p\u00ebr her\u00eb t\u00eb par\u00eb n\u00eb lidhje me pjes\u00ebmarrjen e gazetares n\u00eb Big Brother Vip 3.<\/p>\n<p>Kevin ka deklaruar se Ilnisa as edhe brenda kornizave t\u00eb loj\u00ebs nuk do krijonte nj\u00eb histori dashurie.<\/p>\n<p><img fetchpriority=\"high\" decoding=\"async\" class=\"alignnone size-full wp-image-4788\" src=\"https:\/\/revistatrend.com\/wp-content\/uploads\/2024\/01\/ill3.png\" alt=\"\" width=\"1200\" height=\"630\" srcset=\"https:\/\/revistatrend.com\/wp-content\/uploads\/2024\/01\/ill3.png 1200w, https:\/\/revistatrend.com\/wp-content\/uploads\/2024\/01\/ill3-300x158.png 300w, https:\/\/revistatrend.com\/wp-content\/uploads\/2024\/01\/ill3-1024x538.png 1024w, https:\/\/revistatrend.com\/wp-content\/uploads\/2024\/01\/ill3-768x403.png 768w, https:\/\/revistatrend.com\/wp-content\/uploads\/2024\/01\/ill3-150x79.png 150w, https:\/\/revistatrend.com\/wp-content\/uploads\/2024\/01\/ill3-450x236.png 450w\" sizes=\"(max-width: 1200px) 100vw, 1200px\" \/><\/p>\n<p>\u201cP\u00ebr mua nuk ka asgj\u00eb, brenda kornizave t\u00eb loj\u00ebs. E kemi diskutuar para se t\u00eb hynte dhe m\u00eb tha jo. Por duke njohur dinamikat, nuk besoj, edhe me rastin e Meritonit. As p\u00ebr loj\u00eb nuk do e b\u00ebnte. \u00cbsht\u00eb n\u00eb nj\u00eb sht\u00ebpi me banor\u00eb q\u00eb jan\u00eb kund\u00ebrshtar\u00eb t\u00eb saj. N\u00ebse vazhdon k\u00ebshtu, e shikoj n\u00eb finale\u201d, ka deklaruar ai n\u00eb Wake Up.<\/p>\n","protected":false},"excerpt":{"rendered":"<p>V\u00ebllai i Ilnisa Agollit, Kevin ka reaguar p\u00ebr her\u00eb t\u00eb par\u00eb n\u00eb lidhje me pjes\u00ebmarrjen e gazetares n\u00eb Big Brother Vip 3. Kevin ka deklaruar se Ilnisa as edhe brenda kornizave t\u00eb loj\u00ebs nuk do krijonte nj\u00eb histori dashurie. \u201cP\u00ebr mua nuk ka asgj\u00eb, brenda kornizave t\u00eb loj\u00ebs. E kemi diskutuar para se t\u00eb hynte<\/p>\n","protected":false},"author":1,"featured_media":4789,"comment_status":"open","ping_status":"open","sticky":false,"template":"","format":"standard","meta":{"footnotes":""},"categories":[10],"tags":[],"class_list":{"0":"post-4787","1":"post","2":"type-post","3":"status-publish","4":"format-standard","5":"has-post-thumbnail","7":"category-showbiz"},"_links":{"self":[{"href":"https:\/\/revistatrend.com\/index.php\/wp-json\/wp\/v2\/posts\/4787","targetHints":{"allow":["GET"]}}],"collection":[{"href":"https:\/\/revistatrend.com\/index.php\/wp-json\/wp\/v2\/posts"}],"about":[{"href":"https:\/\/revistatrend.com\/index.php\/wp-json\/wp\/v2\/types\/post"}],"author":[{"embeddable":true,"href":"https:\/\/revistatrend.com\/index.php\/wp-json\/wp\/v2\/users\/1"}],"replies":[{"embeddable":true,"href":"https:\/\/revistatrend.com\/index.php\/wp-json\/wp\/v2\/comments?post=4787"}],"version-history":[{"count":1,"href":"https:\/\/revistatrend.com\/index.php\/wp-json\/wp\/v2\/posts\/4787\/revisions"}],"predecessor-version":[{"id":4790,"href":"https:\/\/revistatrend.com\/index.php\/wp-json\/wp\/v2\/posts\/4787\/revisions\/4790"}],"wp:featuredmedia":[{"embeddable":true,"href":"https:\/\/revistatrend.com\/index.php\/wp-json\/wp\/v2\/media\/4789"}],"wp:attachment":[{"href":"https:\/\/revistatrend.com\/index.php\/wp-json\/wp\/v2\/media?parent=4787"}],"wp:term":[{"taxonomy":"category","embeddable":true,"href":"https:\/\/revistatrend.com\/index.php\/wp-json\/wp\/v2\/categories?post=4787"},{"taxonomy":"post_tag","embeddable":true,"href":"https:\/\/revistatrend.com\/index.php\/wp-json\/wp\/v2\/tags?post=4787"}],"curies":[{"name":"wp","href":"https:\/\/api.w.org\/{rel}","templated":true}]}}