{"id":4806,"date":"2024-01-24T13:56:18","date_gmt":"2024-01-24T13:56:18","guid":{"rendered":"https:\/\/revistatrend.com\/?p=4806"},"modified":"2024-01-24T13:56:18","modified_gmt":"2024-01-24T13:56:18","slug":"graciano-tagani-dhe-erjola-doci-banoret-me-te-rinj-ne-bbvip","status":"publish","type":"post","link":"https:\/\/revistatrend.com\/index.php\/2024\/01\/24\/graciano-tagani-dhe-erjola-doci-banoret-me-te-rinj-ne-bbvip\/","title":{"rendered":"Graciano Tagani dhe Erjola Do\u00e7i, banor\u00ebt m\u00eb t\u00eb rinj n\u00eb BBVIP!"},"content":{"rendered":"<p>Balerini Graciano Tagani \u00ebsht\u00eb banori m\u00eb i ri i cili iu bashkua Big Brother Albania VIP 3 mbr\u00ebmjen e djeshme, p\u00ebr her\u00eb t\u00eb dyt\u00eb. Po ashtu nj\u00eb tjet\u00ebr banore q\u00eb iu bashkua sht\u00ebpis\u00eb s\u00eb VIP-ave, ishte edhe moderatorja Erjola Do\u00e7i, pas hyrjes s\u00eb Gracianos.<\/p>\n<p><img fetchpriority=\"high\" decoding=\"async\" class=\"alignnone size-full wp-image-4808\" src=\"https:\/\/revistatrend.com\/wp-content\/uploads\/2024\/01\/gra2.jpg\" alt=\"\" width=\"900\" height=\"507\" srcset=\"https:\/\/revistatrend.com\/wp-content\/uploads\/2024\/01\/gra2.jpg 900w, https:\/\/revistatrend.com\/wp-content\/uploads\/2024\/01\/gra2-300x169.jpg 300w, https:\/\/revistatrend.com\/wp-content\/uploads\/2024\/01\/gra2-768x433.jpg 768w, https:\/\/revistatrend.com\/wp-content\/uploads\/2024\/01\/gra2-150x85.jpg 150w, https:\/\/revistatrend.com\/wp-content\/uploads\/2024\/01\/gra2-450x254.jpg 450w\" sizes=\"(max-width: 900px) 100vw, 900px\" \/><\/p>\n<p>N\u00eb klipin e saj hyr\u00ebs, ajo u shpreh se banor\u00ebt m\u00eb t\u00eb fort\u00eb sipas saj jan\u00eb Ilnisa dhe Juli.<\/p>\n<p>\u201cJam gati t\u00eb dal e fundit\u201d, u shpreh Erjola p\u00ebrpara se t\u00eb hynte n\u00eb sht\u00ebpi.<\/p>\n","protected":false},"excerpt":{"rendered":"<p>Balerini Graciano Tagani \u00ebsht\u00eb banori m\u00eb i ri i cili iu bashkua Big Brother Albania VIP 3 mbr\u00ebmjen e djeshme, p\u00ebr her\u00eb t\u00eb dyt\u00eb. Po ashtu nj\u00eb tjet\u00ebr banore q\u00eb iu bashkua sht\u00ebpis\u00eb s\u00eb VIP-ave, ishte edhe moderatorja Erjola Do\u00e7i, pas hyrjes s\u00eb Gracianos. N\u00eb klipin e saj hyr\u00ebs, ajo u shpreh se banor\u00ebt m\u00eb<\/p>\n","protected":false},"author":1,"featured_media":4807,"comment_status":"open","ping_status":"open","sticky":false,"template":"","format":"standard","meta":{"footnotes":""},"categories":[10],"tags":[],"class_list":{"0":"post-4806","1":"post","2":"type-post","3":"status-publish","4":"format-standard","5":"has-post-thumbnail","7":"category-showbiz"},"_links":{"self":[{"href":"https:\/\/revistatrend.com\/index.php\/wp-json\/wp\/v2\/posts\/4806","targetHints":{"allow":["GET"]}}],"collection":[{"href":"https:\/\/revistatrend.com\/index.php\/wp-json\/wp\/v2\/posts"}],"about":[{"href":"https:\/\/revistatrend.com\/index.php\/wp-json\/wp\/v2\/types\/post"}],"author":[{"embeddable":true,"href":"https:\/\/revistatrend.com\/index.php\/wp-json\/wp\/v2\/users\/1"}],"replies":[{"embeddable":true,"href":"https:\/\/revistatrend.com\/index.php\/wp-json\/wp\/v2\/comments?post=4806"}],"version-history":[{"count":1,"href":"https:\/\/revistatrend.com\/index.php\/wp-json\/wp\/v2\/posts\/4806\/revisions"}],"predecessor-version":[{"id":4809,"href":"https:\/\/revistatrend.com\/index.php\/wp-json\/wp\/v2\/posts\/4806\/revisions\/4809"}],"wp:featuredmedia":[{"embeddable":true,"href":"https:\/\/revistatrend.com\/index.php\/wp-json\/wp\/v2\/media\/4807"}],"wp:attachment":[{"href":"https:\/\/revistatrend.com\/index.php\/wp-json\/wp\/v2\/media?parent=4806"}],"wp:term":[{"taxonomy":"category","embeddable":true,"href":"https:\/\/revistatrend.com\/index.php\/wp-json\/wp\/v2\/categories?post=4806"},{"taxonomy":"post_tag","embeddable":true,"href":"https:\/\/revistatrend.com\/index.php\/wp-json\/wp\/v2\/tags?post=4806"}],"curies":[{"name":"wp","href":"https:\/\/api.w.org\/{rel}","templated":true}]}}