{"id":4878,"date":"2024-01-29T16:59:21","date_gmt":"2024-01-29T16:59:21","guid":{"rendered":"https:\/\/revistatrend.com\/?p=4878"},"modified":"2024-01-29T16:59:21","modified_gmt":"2024-01-29T16:59:21","slug":"ik-bashke-me-kercimet-e-tua-sensuale-nisin-grindjet-e-para-mes-dyshes-ilnisa-dhe-meriton","status":"publish","type":"post","link":"https:\/\/revistatrend.com\/index.php\/2024\/01\/29\/ik-bashke-me-kercimet-e-tua-sensuale-nisin-grindjet-e-para-mes-dyshes-ilnisa-dhe-meriton\/","title":{"rendered":"\u201cIk bashk\u00eb me k\u00ebrcimet e tua sensuale\u201d\/ Nisin grindjet e para mes dyshes, Ilnisa dhe Meriton!"},"content":{"rendered":"<p>Ilnisa dhe Meritoni kan\u00eb debatuar ashp\u00ebr me nj\u00ebri-tjetrin, pas k\u00ebrcimit t\u00eb moderatorit me Riken. Ky k\u00ebrcim e ka m\u00ebrzitur gazetaren e cila e ka pyetur Meritonin p\u00ebr k\u00ebt\u00eb veprim, pasi ajo nuk ka raporte t\u00eb mira me banoren e BBVIP3.<\/p>\n<p>Pjes\u00eb nga debati:<\/p>\n<p>Un\u00eb ty t\u00eb futem n\u00eb krevat dhe t\u2019i p\u00ebr respekt t\u00eb figur\u00ebs time nuk duhet t\u00eb b\u00ebsh ato skena. Po ik u b\u00ebri ti me k\u00ebrcimet e tua sensuale.<\/p>\n<p>Meritoni: A je xheloze q\u00eb un\u00eb k\u00ebrcej me Riken?<\/p>\n<p>Ilnisa: Un\u00eb me at\u00eb vajz\u00ebn nuk shkoj fare! Po t\u00eb kem mund\u00ebsi e nxjerr nga sht\u00ebpia, N\u00eb rregull? Ose do merrem edhe me at\u00eb, se nuk jam duke t\u00eb pyetur shum\u00eb ty. N\u00eb rregull?<\/p>\n<p>Ilnisa: Ajo vajzat q\u00eb flet p\u00ebr pupla, q\u00eb m\u00eb paskan r\u00ebn\u00eb mua, nuk kapet p\u00ebr puplat.<\/p>\n<p>Meritoni: Po prit!<\/p>\n<p>Ilnisa: Dhe pas fjal\u00ebt p\u00ebr puplat e mia, i shkon \u00e7udit\u00ebrisht ti, q\u00eb un\u00eb ty t\u00eb futem n\u00eb krevat dhe t\u2019i p\u00ebr respekt t\u00eb figur\u00ebs time nuk duhet t\u00eb b\u00ebsh ato skena. Po ik u b\u00ebri ti me k\u00ebrcimet e tua sensuale.<\/p>\n<p>Meritoni: O Ilnis, ndalu ndalu! Mos gabo.<\/p>\n<p>Ilnisa: Ishte nj\u00eb sken\u00eb e neveritshme ajo q\u00eb b\u00ebr\u00eb!<\/p>\n<p>&nbsp;<\/p>\n","protected":false},"excerpt":{"rendered":"<p>Ilnisa dhe Meritoni kan\u00eb debatuar ashp\u00ebr me nj\u00ebri-tjetrin, pas k\u00ebrcimit t\u00eb moderatorit me Riken. Ky k\u00ebrcim e ka m\u00ebrzitur gazetaren e cila e ka pyetur Meritonin p\u00ebr k\u00ebt\u00eb veprim, pasi ajo nuk ka raporte t\u00eb mira me banoren e BBVIP3. Pjes\u00eb nga debati: Un\u00eb ty t\u00eb futem n\u00eb krevat dhe t\u2019i p\u00ebr respekt t\u00eb figur\u00ebs<\/p>\n","protected":false},"author":1,"featured_media":4835,"comment_status":"open","ping_status":"open","sticky":false,"template":"","format":"standard","meta":{"footnotes":""},"categories":[10],"tags":[],"class_list":{"0":"post-4878","1":"post","2":"type-post","3":"status-publish","4":"format-standard","5":"has-post-thumbnail","7":"category-showbiz"},"_links":{"self":[{"href":"https:\/\/revistatrend.com\/index.php\/wp-json\/wp\/v2\/posts\/4878","targetHints":{"allow":["GET"]}}],"collection":[{"href":"https:\/\/revistatrend.com\/index.php\/wp-json\/wp\/v2\/posts"}],"about":[{"href":"https:\/\/revistatrend.com\/index.php\/wp-json\/wp\/v2\/types\/post"}],"author":[{"embeddable":true,"href":"https:\/\/revistatrend.com\/index.php\/wp-json\/wp\/v2\/users\/1"}],"replies":[{"embeddable":true,"href":"https:\/\/revistatrend.com\/index.php\/wp-json\/wp\/v2\/comments?post=4878"}],"version-history":[{"count":1,"href":"https:\/\/revistatrend.com\/index.php\/wp-json\/wp\/v2\/posts\/4878\/revisions"}],"predecessor-version":[{"id":4879,"href":"https:\/\/revistatrend.com\/index.php\/wp-json\/wp\/v2\/posts\/4878\/revisions\/4879"}],"wp:featuredmedia":[{"embeddable":true,"href":"https:\/\/revistatrend.com\/index.php\/wp-json\/wp\/v2\/media\/4835"}],"wp:attachment":[{"href":"https:\/\/revistatrend.com\/index.php\/wp-json\/wp\/v2\/media?parent=4878"}],"wp:term":[{"taxonomy":"category","embeddable":true,"href":"https:\/\/revistatrend.com\/index.php\/wp-json\/wp\/v2\/categories?post=4878"},{"taxonomy":"post_tag","embeddable":true,"href":"https:\/\/revistatrend.com\/index.php\/wp-json\/wp\/v2\/tags?post=4878"}],"curies":[{"name":"wp","href":"https:\/\/api.w.org\/{rel}","templated":true}]}}