{"id":4883,"date":"2024-01-29T17:02:16","date_gmt":"2024-01-29T17:02:16","guid":{"rendered":"https:\/\/revistatrend.com\/?p=4883"},"modified":"2024-01-29T17:02:16","modified_gmt":"2024-01-29T17:02:16","slug":"o-kucedra-boll-se-meri-sherr-me-saren-ste-kam-penguar-te-shkosh-tek-dashnori","status":"publish","type":"post","link":"https:\/\/revistatrend.com\/index.php\/2024\/01\/29\/o-kucedra-boll-se-meri-sherr-me-saren-ste-kam-penguar-te-shkosh-tek-dashnori\/","title":{"rendered":"\u201cO ku\u00e7edra boll se\u2026\u201d, Meri sherr me Sar\u00ebn: S\u2019t\u00eb kam penguar t\u00eb shkosh tek dashnori!"},"content":{"rendered":"<p>Nj\u00eb debat ka lindur mes Merit dhe Sar\u00ebs gjat\u00eb nat\u00ebs, t\u00eb cilat jan\u00eb tek i nj\u00ebjti grup tek sfida e litar\u00ebve. Gjat\u00eb nj\u00eb bisede me grupin, Sara ka p\u00ebrmendur emrin e Merit, nd\u00ebrkoh\u00eb q\u00eb ajo ishte n\u00eb gjum\u00eb. Meri i kthehet me nerva dhe me ofendime, nga ku nisi dhe debati i fort\u00eb.<\/p>\n<p>Pjes\u00eb nga debati:<\/p>\n<p>Meri Shehu: Mos ma p\u00ebrmend m\u00eb emrin tim se e di \u00e7far\u00eb t\u00eb punoj apo jo, n\u00eb mes t\u00eb nat\u00ebs e di \u00e7far\u00eb t\u00eb punoj. Hajde boll.<\/p>\n<p>Sara Dorgjeni: Mendoj se duhet t\u00eb kursehesh.<\/p>\n<p>Meri Shehu: Do q\u00eb t\u00eb shkojm\u00eb n\u00eb tualet, hajde ikim. Emrin tim mos e p\u00ebrmend.<\/p>\n<p>Sara Dorgjeni: Do ta p\u00ebrmend sa t\u00eb dua.<\/p>\n<p>Meri Shehu: Boll t\u00eb thash\u00eb. S\u2019t\u00eb kam penguar un\u00eb t\u00eb shkosh n\u00eb tualet, as tek ai dashnori atje, as tek ai andej. Mos t\u00eb shkoj ta zgjidh tek V\u00ebllai i Madh nj\u00ebher\u00eb e mir\u00eb. Ua rregulloj un\u00eb nes\u00ebr, p\u00ebrmend Merin, Meri n\u00eb gjumin e vet.<\/p>\n<p>Sara Dorgjeni: Meri nuk po t\u00eb flas vet\u00ebm sepse je pa qejf.<\/p>\n<p>Meri Shehu: \u00c7a do m\u00eb b\u00ebje po t\u00eb mos isha pa qejf? \u00c7far\u00eb? Boll t\u00eb durova (Sara i shkon af\u00ebr).<\/p>\n<p>Meri Shehu: H\u00eb \u00e7far\u00eb do b\u00ebsh. Provoje, hajde b\u00ebje.<\/p>\n<p>Sara Dorgjeni: Nuk po i b\u00ebj asgj\u00eb.<\/p>\n<p>Meri Shehu: K\u00eb k\u00ebrc\u00ebnon ti? Mua? Hajde se ta rregulloj un\u00eb.<\/p>\n<p>Sara Dorgjeni: Nuk po t\u00eb flas fare. Nuk \u00ebsht\u00eb mir\u00eb kjo.<\/p>\n","protected":false},"excerpt":{"rendered":"<p>Nj\u00eb debat ka lindur mes Merit dhe Sar\u00ebs gjat\u00eb nat\u00ebs, t\u00eb cilat jan\u00eb tek i nj\u00ebjti grup tek sfida e litar\u00ebve. Gjat\u00eb nj\u00eb bisede me grupin, Sara ka p\u00ebrmendur emrin e Merit, nd\u00ebrkoh\u00eb q\u00eb ajo ishte n\u00eb gjum\u00eb. Meri i kthehet me nerva dhe me ofendime, nga ku nisi dhe debati i fort\u00eb. Pjes\u00eb nga<\/p>\n","protected":false},"author":1,"featured_media":4884,"comment_status":"open","ping_status":"open","sticky":false,"template":"","format":"standard","meta":{"footnotes":""},"categories":[10],"tags":[],"class_list":{"0":"post-4883","1":"post","2":"type-post","3":"status-publish","4":"format-standard","5":"has-post-thumbnail","7":"category-showbiz"},"_links":{"self":[{"href":"https:\/\/revistatrend.com\/index.php\/wp-json\/wp\/v2\/posts\/4883","targetHints":{"allow":["GET"]}}],"collection":[{"href":"https:\/\/revistatrend.com\/index.php\/wp-json\/wp\/v2\/posts"}],"about":[{"href":"https:\/\/revistatrend.com\/index.php\/wp-json\/wp\/v2\/types\/post"}],"author":[{"embeddable":true,"href":"https:\/\/revistatrend.com\/index.php\/wp-json\/wp\/v2\/users\/1"}],"replies":[{"embeddable":true,"href":"https:\/\/revistatrend.com\/index.php\/wp-json\/wp\/v2\/comments?post=4883"}],"version-history":[{"count":1,"href":"https:\/\/revistatrend.com\/index.php\/wp-json\/wp\/v2\/posts\/4883\/revisions"}],"predecessor-version":[{"id":4885,"href":"https:\/\/revistatrend.com\/index.php\/wp-json\/wp\/v2\/posts\/4883\/revisions\/4885"}],"wp:featuredmedia":[{"embeddable":true,"href":"https:\/\/revistatrend.com\/index.php\/wp-json\/wp\/v2\/media\/4884"}],"wp:attachment":[{"href":"https:\/\/revistatrend.com\/index.php\/wp-json\/wp\/v2\/media?parent=4883"}],"wp:term":[{"taxonomy":"category","embeddable":true,"href":"https:\/\/revistatrend.com\/index.php\/wp-json\/wp\/v2\/categories?post=4883"},{"taxonomy":"post_tag","embeddable":true,"href":"https:\/\/revistatrend.com\/index.php\/wp-json\/wp\/v2\/tags?post=4883"}],"curies":[{"name":"wp","href":"https:\/\/api.w.org\/{rel}","templated":true}]}}