{"id":4886,"date":"2024-01-29T18:02:19","date_gmt":"2024-01-29T18:02:19","guid":{"rendered":"https:\/\/revistatrend.com\/?p=4886"},"modified":"2024-01-29T18:02:19","modified_gmt":"2024-01-29T18:02:19","slug":"nuk-doja-ti-prishja-imazhin-por-zbulohet-cfare-permbante-letra-qe-ish-bashkeshorti-shkroi-per-ledjonen","status":"publish","type":"post","link":"https:\/\/revistatrend.com\/index.php\/2024\/01\/29\/nuk-doja-ti-prishja-imazhin-por-zbulohet-cfare-permbante-letra-qe-ish-bashkeshorti-shkroi-per-ledjonen\/","title":{"rendered":"\u201cNuk doja t\u2019i prishja imazhin por..\u201d\/ Zbulohet \u00e7far\u00eb p\u00ebrmbante letra q\u00eb ish-bashk\u00ebshorti shkroi p\u00ebr Ledjon\u00ebn!"},"content":{"rendered":"<p>Jorgen Xoxi, ish-bashk\u00ebshorti i Ledjon\u00ebs ka treguar se \u00e7far\u00eb p\u00ebrmbante letra q\u00eb i d\u00ebrgoi gazetares n\u00eb BBVIP 3, t\u00eb cil\u00ebn ajo nuk pranoi ta lexonte.<\/p>\n<p>Xoxi \u00ebsht\u00eb ka deklaruar se letra nuk ishte p\u00ebr ta sulmuar, por ka shprehur se nuk \u00ebsht\u00eb ndjer\u00eb mir\u00eb q\u00eb nuk e vuri n\u00eb dijeni se do t\u00eb hynte n\u00eb Big Brother.<\/p>\n<p>\u201cNuk doja ta sulmoja Ledjon\u00ebn, do b\u00ebnte mir\u00eb ta hapte ta lexonte at\u00eb let\u00ebr, i kam th\u00ebn\u00eb q\u00eb nuk jam ndjer\u00eb mir\u00eb q\u00eb nuk m\u00eb ke lajm\u00ebruar p\u00ebr hyrjen tend\u00eb. Ti e di sa kam b\u00ebr\u00eb un\u00eb p\u00ebr at\u00eb \u00e7up\u00eb. Un\u00eb kujdesesha p\u00ebr vajz\u00ebn, e kam me fakte dhe ajo e di shum\u00eb mir\u00eb. I kam th\u00ebn\u00eb q\u00eb nuk jam k\u00ebtu q\u00eb t\u00eb prish imazhin t\u00ebnd, ti vazhdo ta b\u00ebsh rrug\u00ebtimin t\u00ebnd dhe ta b\u00ebsh vajz\u00ebn krenare. P\u00ebr ti mbyllur goj\u00ebn publikut q\u00eb flasin p\u00ebr t\u00eb dy\u201d, ka treguar ai n\u00eb TCH.<\/p>\n","protected":false},"excerpt":{"rendered":"<p>Jorgen Xoxi, ish-bashk\u00ebshorti i Ledjon\u00ebs ka treguar se \u00e7far\u00eb p\u00ebrmbante letra q\u00eb i d\u00ebrgoi gazetares n\u00eb BBVIP 3, t\u00eb cil\u00ebn ajo nuk pranoi ta lexonte. Xoxi \u00ebsht\u00eb ka deklaruar se letra nuk ishte p\u00ebr ta sulmuar, por ka shprehur se nuk \u00ebsht\u00eb ndjer\u00eb mir\u00eb q\u00eb nuk e vuri n\u00eb dijeni se do t\u00eb hynte n\u00eb<\/p>\n","protected":false},"author":1,"featured_media":4887,"comment_status":"open","ping_status":"open","sticky":false,"template":"","format":"standard","meta":{"footnotes":""},"categories":[10],"tags":[],"class_list":{"0":"post-4886","1":"post","2":"type-post","3":"status-publish","4":"format-standard","5":"has-post-thumbnail","7":"category-showbiz"},"_links":{"self":[{"href":"https:\/\/revistatrend.com\/index.php\/wp-json\/wp\/v2\/posts\/4886","targetHints":{"allow":["GET"]}}],"collection":[{"href":"https:\/\/revistatrend.com\/index.php\/wp-json\/wp\/v2\/posts"}],"about":[{"href":"https:\/\/revistatrend.com\/index.php\/wp-json\/wp\/v2\/types\/post"}],"author":[{"embeddable":true,"href":"https:\/\/revistatrend.com\/index.php\/wp-json\/wp\/v2\/users\/1"}],"replies":[{"embeddable":true,"href":"https:\/\/revistatrend.com\/index.php\/wp-json\/wp\/v2\/comments?post=4886"}],"version-history":[{"count":1,"href":"https:\/\/revistatrend.com\/index.php\/wp-json\/wp\/v2\/posts\/4886\/revisions"}],"predecessor-version":[{"id":4888,"href":"https:\/\/revistatrend.com\/index.php\/wp-json\/wp\/v2\/posts\/4886\/revisions\/4888"}],"wp:featuredmedia":[{"embeddable":true,"href":"https:\/\/revistatrend.com\/index.php\/wp-json\/wp\/v2\/media\/4887"}],"wp:attachment":[{"href":"https:\/\/revistatrend.com\/index.php\/wp-json\/wp\/v2\/media?parent=4886"}],"wp:term":[{"taxonomy":"category","embeddable":true,"href":"https:\/\/revistatrend.com\/index.php\/wp-json\/wp\/v2\/categories?post=4886"},{"taxonomy":"post_tag","embeddable":true,"href":"https:\/\/revistatrend.com\/index.php\/wp-json\/wp\/v2\/tags?post=4886"}],"curies":[{"name":"wp","href":"https:\/\/api.w.org\/{rel}","templated":true}]}}