{"id":4914,"date":"2024-01-30T11:21:26","date_gmt":"2024-01-30T11:21:26","guid":{"rendered":"https:\/\/revistatrend.com\/?p=4914"},"modified":"2024-01-30T11:22:29","modified_gmt":"2024-01-30T11:22:29","slug":"une-ve-bast-qe-ketu-do-behet-seks-roza-lati-flet-per-historite-roze-ne-bbvip","status":"publish","type":"post","link":"https:\/\/revistatrend.com\/index.php\/2024\/01\/30\/une-ve-bast-qe-ketu-do-behet-seks-roza-lati-flet-per-historite-roze-ne-bbvip\/","title":{"rendered":"\u201cUn\u00eb v\u00eb bast q\u00eb k\u00ebtu do b\u00ebhet seks\u201d\/ Roza Lati flet p\u00ebr historit\u00eb roz\u00eb n\u00eb BBVIP!"},"content":{"rendered":"<p>Moderatorja Roza Lati s\u00eb bashku me banoren Dea Vieri, kan\u00eb komentuar historit\u00eb e dashuris\u00eb q\u00eb po krijohen brenda Big Brother VIP. Roza ka b\u00ebr\u00eb nj\u00eb deklarat\u00eb t\u00eb fort\u00eb n\u00eb lidhje me \u00e7iftet duke cituar: \u201cUn\u00eb v\u00eb bast q\u00eb k\u00ebtu do b\u00ebhet seks, k\u00ebt\u00eb sezon\u201d.<\/p>\n<p>Pjes\u00eb nga biseda:<\/p>\n<p>Roza: Po flisnim p\u00ebr k\u00ebto \u00e7iftet q\u00eb jan\u00eb krijuar sot p\u00ebr sot, q\u00eb nj\u00ebri \u00ebsht\u00eb m\u00eb zem\u00ebr e tjetri jo. Se kush, nuk e di, po gjithmon\u00eb \u00e7iftet e \u201cBig brother\u201d, njeri e ka me zem\u00ebr, e tjetri jo. Nuk kam qejf q\u00eb partneri im t\u00eb jet\u00eb star, stari i sht\u00ebpis\u00eb duhet t\u00eb jem un\u00eb mot\u00ebr.<\/p>\n<p>Dea: Mund t\u00eb ndryshosh mendje.<\/p>\n<p>Roza: Burrat q\u00eb jan\u00eb k\u00ebtu jan\u00eb tamam burra, por un\u00eb se dua q\u00eb t\u00eb jet\u00eb i famsh\u00ebm,<\/p>\n<p>Dea: N\u00eb dy jave tre \u00e7ifte, habitem,<\/p>\n<p>Roza: Un\u00eb v\u00eb bast q\u00eb k\u00ebtu do b\u00ebhet seks, k\u00ebt\u00eb sezon. E v\u00eb me bast.<\/p>\n<p>Dea: E presim,<\/p>\n<p>Roza: N\u00eb k\u00ebt\u00eb Big Brother, k\u00ebtu si\u00e7 ka shkruar puna n\u00eb dy jav\u00eb. Edhe mund t\u00eb mos b\u00ebjn\u00eb se kan\u00eb etik\u00eb, kan\u00eb norma, sikleti.<\/p>\n","protected":false},"excerpt":{"rendered":"<p>Moderatorja Roza Lati s\u00eb bashku me banoren Dea Vieri, kan\u00eb komentuar historit\u00eb e dashuris\u00eb q\u00eb po krijohen brenda Big Brother VIP. Roza ka b\u00ebr\u00eb nj\u00eb deklarat\u00eb t\u00eb fort\u00eb n\u00eb lidhje me \u00e7iftet duke cituar: \u201cUn\u00eb v\u00eb bast q\u00eb k\u00ebtu do b\u00ebhet seks, k\u00ebt\u00eb sezon\u201d. Pjes\u00eb nga biseda: Roza: Po flisnim p\u00ebr k\u00ebto \u00e7iftet q\u00eb jan\u00eb<\/p>\n","protected":false},"author":1,"featured_media":4916,"comment_status":"open","ping_status":"open","sticky":false,"template":"","format":"standard","meta":{"footnotes":""},"categories":[10],"tags":[],"class_list":{"0":"post-4914","1":"post","2":"type-post","3":"status-publish","4":"format-standard","5":"has-post-thumbnail","7":"category-showbiz"},"_links":{"self":[{"href":"https:\/\/revistatrend.com\/index.php\/wp-json\/wp\/v2\/posts\/4914","targetHints":{"allow":["GET"]}}],"collection":[{"href":"https:\/\/revistatrend.com\/index.php\/wp-json\/wp\/v2\/posts"}],"about":[{"href":"https:\/\/revistatrend.com\/index.php\/wp-json\/wp\/v2\/types\/post"}],"author":[{"embeddable":true,"href":"https:\/\/revistatrend.com\/index.php\/wp-json\/wp\/v2\/users\/1"}],"replies":[{"embeddable":true,"href":"https:\/\/revistatrend.com\/index.php\/wp-json\/wp\/v2\/comments?post=4914"}],"version-history":[{"count":1,"href":"https:\/\/revistatrend.com\/index.php\/wp-json\/wp\/v2\/posts\/4914\/revisions"}],"predecessor-version":[{"id":4915,"href":"https:\/\/revistatrend.com\/index.php\/wp-json\/wp\/v2\/posts\/4914\/revisions\/4915"}],"wp:featuredmedia":[{"embeddable":true,"href":"https:\/\/revistatrend.com\/index.php\/wp-json\/wp\/v2\/media\/4916"}],"wp:attachment":[{"href":"https:\/\/revistatrend.com\/index.php\/wp-json\/wp\/v2\/media?parent=4914"}],"wp:term":[{"taxonomy":"category","embeddable":true,"href":"https:\/\/revistatrend.com\/index.php\/wp-json\/wp\/v2\/categories?post=4914"},{"taxonomy":"post_tag","embeddable":true,"href":"https:\/\/revistatrend.com\/index.php\/wp-json\/wp\/v2\/tags?post=4914"}],"curies":[{"name":"wp","href":"https:\/\/api.w.org\/{rel}","templated":true}]}}