{"id":4937,"date":"2024-01-31T19:45:34","date_gmt":"2024-01-31T19:45:34","guid":{"rendered":"https:\/\/revistatrend.com\/?p=4937"},"modified":"2024-01-31T20:08:29","modified_gmt":"2024-01-31T20:08:29","slug":"4937","status":"publish","type":"post","link":"https:\/\/revistatrend.com\/index.php\/2024\/01\/31\/4937\/","title":{"rendered":"Xhensila dhe Besi i japin fund martes\u00ebs. Gazetari tregon si q\u00ebndron e v\u00ebrteta!"},"content":{"rendered":"<p>Nj\u00eb nga \u00e7iftet m\u00eb t\u00eb komentuar Xhensila Myrtezaj dhe Bes Kallaku p\u00ebrflitet se kan\u00eb nj\u00eb krisje n\u00eb marr\u00ebdh\u00ebnien e tyre, pasi nuk ndiqen n\u00eb Instagram.\u00a0 Dyshimet jan\u00eb shtuar, pasi dyshja kan\u00eb hequr edhe fotot e tyre s\u00eb bashku.<\/p>\n<p><img fetchpriority=\"high\" decoding=\"async\" class=\"alignnone size-full wp-image-4938\" src=\"https:\/\/revistatrend.com\/wp-content\/uploads\/2024\/01\/besi-1.jpg\" alt=\"\" width=\"512\" height=\"358\" srcset=\"https:\/\/revistatrend.com\/wp-content\/uploads\/2024\/01\/besi-1.jpg 512w, https:\/\/revistatrend.com\/wp-content\/uploads\/2024\/01\/besi-1-300x210.jpg 300w, https:\/\/revistatrend.com\/wp-content\/uploads\/2024\/01\/besi-1-150x105.jpg 150w, https:\/\/revistatrend.com\/wp-content\/uploads\/2024\/01\/besi-1-450x315.jpg 450w\" sizes=\"(max-width: 512px) 100vw, 512px\" \/><\/p>\n<p>\u201cKa qen\u00eb nj\u00eb postim i Xhensila Myrtezajt, shkruan fillim i ri\u201d, k\u00ebng\u00eb e dashurie \u201czem\u00ebr e helmuar\u201d, Gjith\u00eb mediat shkruan p\u00ebr Besin dhe Xhensil\u00ebn q\u00eb nuk ndiqen n\u00eb Instagram. As Xhensila dhe as Besi nuk ka reaguar, historia e tyre ka q\u00eb n\u00eb vitin 2020 n\u00ebse jan\u00eb ndar\u00eb apo jo. Q\u00eb n\u00eb ato vite ka pasur aludime. Besi ka deklaruar para disa koh\u00ebsh q\u00eb jan\u00eb fjal\u00eb portalesh\u201d, tha gazetari Gerald Qerimi.<\/p>\n<p>\u201cJan\u00eb menazher\u00ebt q\u00eb i k\u00ebshillojn\u00eb k\u00ebshtu, jam i bindur un\u00eb\u201d, deklaroi moderatori Arjon Mu\u00e7a.<\/p>\n<p>Kjo nuk \u00ebsht\u00eb hera e par\u00eb q\u00eb flitet p\u00ebr nj\u00eb ndarje t\u00eb \u00e7iftit, por duket m\u00eb serioze se her\u00ebt e tjera.<\/p>\n","protected":false},"excerpt":{"rendered":"<p>Nj\u00eb nga \u00e7iftet m\u00eb t\u00eb komentuar Xhensila Myrtezaj dhe Bes Kallaku p\u00ebrflitet se kan\u00eb nj\u00eb krisje n\u00eb marr\u00ebdh\u00ebnien e tyre, pasi nuk ndiqen n\u00eb Instagram.\u00a0 Dyshimet jan\u00eb shtuar, pasi dyshja kan\u00eb hequr edhe fotot e tyre s\u00eb bashku. \u201cKa qen\u00eb nj\u00eb postim i Xhensila Myrtezajt, shkruan fillim i ri\u201d, k\u00ebng\u00eb e dashurie \u201czem\u00ebr e helmuar\u201d,<\/p>\n","protected":false},"author":1,"featured_media":4939,"comment_status":"open","ping_status":"open","sticky":false,"template":"","format":"standard","meta":{"footnotes":""},"categories":[10],"tags":[],"class_list":{"0":"post-4937","1":"post","2":"type-post","3":"status-publish","4":"format-standard","5":"has-post-thumbnail","7":"category-showbiz"},"_links":{"self":[{"href":"https:\/\/revistatrend.com\/index.php\/wp-json\/wp\/v2\/posts\/4937","targetHints":{"allow":["GET"]}}],"collection":[{"href":"https:\/\/revistatrend.com\/index.php\/wp-json\/wp\/v2\/posts"}],"about":[{"href":"https:\/\/revistatrend.com\/index.php\/wp-json\/wp\/v2\/types\/post"}],"author":[{"embeddable":true,"href":"https:\/\/revistatrend.com\/index.php\/wp-json\/wp\/v2\/users\/1"}],"replies":[{"embeddable":true,"href":"https:\/\/revistatrend.com\/index.php\/wp-json\/wp\/v2\/comments?post=4937"}],"version-history":[{"count":2,"href":"https:\/\/revistatrend.com\/index.php\/wp-json\/wp\/v2\/posts\/4937\/revisions"}],"predecessor-version":[{"id":4949,"href":"https:\/\/revistatrend.com\/index.php\/wp-json\/wp\/v2\/posts\/4937\/revisions\/4949"}],"wp:featuredmedia":[{"embeddable":true,"href":"https:\/\/revistatrend.com\/index.php\/wp-json\/wp\/v2\/media\/4939"}],"wp:attachment":[{"href":"https:\/\/revistatrend.com\/index.php\/wp-json\/wp\/v2\/media?parent=4937"}],"wp:term":[{"taxonomy":"category","embeddable":true,"href":"https:\/\/revistatrend.com\/index.php\/wp-json\/wp\/v2\/categories?post=4937"},{"taxonomy":"post_tag","embeddable":true,"href":"https:\/\/revistatrend.com\/index.php\/wp-json\/wp\/v2\/tags?post=4937"}],"curies":[{"name":"wp","href":"https:\/\/api.w.org\/{rel}","templated":true}]}}