{"id":4977,"date":"2024-02-06T15:45:05","date_gmt":"2024-02-06T15:45:05","guid":{"rendered":"https:\/\/revistatrend.com\/?p=4977"},"modified":"2024-02-06T15:45:05","modified_gmt":"2024-02-06T15:45:05","slug":"une-nuk-e-kam-pare-puthjen-vellai-i-ilnises-tregon-lojen-qe-po-ben-moderatorja-ne-bbvip","status":"publish","type":"post","link":"https:\/\/revistatrend.com\/index.php\/2024\/02\/06\/une-nuk-e-kam-pare-puthjen-vellai-i-ilnises-tregon-lojen-qe-po-ben-moderatorja-ne-bbvip\/","title":{"rendered":"\u201cUn\u00eb nuk e kam par\u00eb puthjen\u201d, V\u00ebllai i Ilnis\u00ebs tregon loj\u00ebn q\u00eb po b\u00ebn moderatorja n\u00eb BBVIP!"},"content":{"rendered":"<p>V\u00ebllai i Ilnis\u00ebs ka treguar se si po e p\u00ebrjeton familja, marr\u00ebdh\u00ebnien e gazetares dhe Meritonit. Ai \u00ebsht\u00eb shprehur se lidhja e tyre nuk ka ende asnj\u00eb etiketim, thjesht jan\u00eb dy persona q\u00eb p\u00eblqejn\u00eb nj\u00ebri-tjetrin dhe shijojn\u00eb momentin.<\/p>\n<p>\u201cSituata \u00ebsht\u00eb m\u00eb komplekse sesa e th\u00ebn\u00eb kaq thjesht. Aty kemi t\u00eb b\u00ebjm\u00eb me nj\u00eb raport ku t\u00eb dy po japin \u00e7ilt\u00ebrsin\u00eb dhe pozitivitetin nj\u00ebri-tjetrit dhe n\u00eb k\u00ebt\u00eb mori ngjarjesh q\u00eb kan\u00eb me nj\u00ebri-tjetrin, mbeten p\u00ebr t\u2019u zhvilluar. Nuk \u00ebsht\u00eb se ne kemi nj\u00eb etiketim t\u00eb marr\u00ebdh\u00ebnies s\u00eb tyre. Un\u00eb nuk e kam par\u00eb puthjen. Un\u00eb di q\u00eb Meritoni ka puthur vet\u00ebm Merin, q\u00eb e kam par\u00eb me pamje. N\u00eb \u00e7do rast raporti i tyre \u00ebsht\u00eb q\u00eb jan\u00eb dy njer\u00ebz t\u00eb rritur, lnisa kur dashuron jepet e t\u00ebra, por Ilnisa tani shijon momentin. Ilnisa e ka kapur k\u00ebt\u00eb moment dhe po e shijon\u201d.<\/p>\n<p>Lidhur me loj\u00ebn q\u00eb po b\u00ebn Ilnisa, v\u00ebllai i saj p\u00ebr Mos i bjer me top tha: \u201cNga ana ime nuk jam aspak i surprizuar nga gjith\u00eb v\u00ebmendja q\u00eb Ilnisa ka marr\u00eb, sepse kush e njeh Ilnis\u00ebn ajo me shum\u00eb pak veprime t\u00eb saja, \u00ebsht\u00eb n\u00eb gjendje q\u00eb t\u00eb marr\u00eb jasht\u00ebzakonisht shum\u00eb v\u00ebmendje dhe e gjitha kjo n\u00eb nj\u00eb koh\u00eb kaq t\u00eb shkurt\u00ebr, p\u00ebr mua \u00ebsht\u00eb m\u00ebse normale e asaj. Ajo ka nj\u00eb 80% q\u00eb ende nuk e ka shprehur por q\u00eb me siguri n\u00eb rrug\u00ebtimin e gjat\u00eb\u201d.<\/p>\n","protected":false},"excerpt":{"rendered":"<p>V\u00ebllai i Ilnis\u00ebs ka treguar se si po e p\u00ebrjeton familja, marr\u00ebdh\u00ebnien e gazetares dhe Meritonit. Ai \u00ebsht\u00eb shprehur se lidhja e tyre nuk ka ende asnj\u00eb etiketim, thjesht jan\u00eb dy persona q\u00eb p\u00eblqejn\u00eb nj\u00ebri-tjetrin dhe shijojn\u00eb momentin. \u201cSituata \u00ebsht\u00eb m\u00eb komplekse sesa e th\u00ebn\u00eb kaq thjesht. Aty kemi t\u00eb b\u00ebjm\u00eb me nj\u00eb raport ku<\/p>\n","protected":false},"author":1,"featured_media":4978,"comment_status":"open","ping_status":"open","sticky":false,"template":"","format":"standard","meta":{"footnotes":""},"categories":[10],"tags":[],"class_list":{"0":"post-4977","1":"post","2":"type-post","3":"status-publish","4":"format-standard","5":"has-post-thumbnail","7":"category-showbiz"},"_links":{"self":[{"href":"https:\/\/revistatrend.com\/index.php\/wp-json\/wp\/v2\/posts\/4977","targetHints":{"allow":["GET"]}}],"collection":[{"href":"https:\/\/revistatrend.com\/index.php\/wp-json\/wp\/v2\/posts"}],"about":[{"href":"https:\/\/revistatrend.com\/index.php\/wp-json\/wp\/v2\/types\/post"}],"author":[{"embeddable":true,"href":"https:\/\/revistatrend.com\/index.php\/wp-json\/wp\/v2\/users\/1"}],"replies":[{"embeddable":true,"href":"https:\/\/revistatrend.com\/index.php\/wp-json\/wp\/v2\/comments?post=4977"}],"version-history":[{"count":1,"href":"https:\/\/revistatrend.com\/index.php\/wp-json\/wp\/v2\/posts\/4977\/revisions"}],"predecessor-version":[{"id":4979,"href":"https:\/\/revistatrend.com\/index.php\/wp-json\/wp\/v2\/posts\/4977\/revisions\/4979"}],"wp:featuredmedia":[{"embeddable":true,"href":"https:\/\/revistatrend.com\/index.php\/wp-json\/wp\/v2\/media\/4978"}],"wp:attachment":[{"href":"https:\/\/revistatrend.com\/index.php\/wp-json\/wp\/v2\/media?parent=4977"}],"wp:term":[{"taxonomy":"category","embeddable":true,"href":"https:\/\/revistatrend.com\/index.php\/wp-json\/wp\/v2\/categories?post=4977"},{"taxonomy":"post_tag","embeddable":true,"href":"https:\/\/revistatrend.com\/index.php\/wp-json\/wp\/v2\/tags?post=4977"}],"curies":[{"name":"wp","href":"https:\/\/api.w.org\/{rel}","templated":true}]}}