{"id":4988,"date":"2024-02-08T08:56:56","date_gmt":"2024-02-08T08:56:56","guid":{"rendered":"https:\/\/revistatrend.com\/?p=4988"},"modified":"2024-02-08T08:56:56","modified_gmt":"2024-02-08T08:56:56","slug":"sara-dhe-bardhi-japin-puthjen-e-pare-ne-big-brother-vip","status":"publish","type":"post","link":"https:\/\/revistatrend.com\/index.php\/2024\/02\/08\/sara-dhe-bardhi-japin-puthjen-e-pare-ne-big-brother-vip\/","title":{"rendered":"Sara dhe Bardhi japin puthjen e par\u00eb n\u00eb Big Brother VIP!"},"content":{"rendered":"<p>Sara dhe Bardhi p\u00ebrjetuan nj\u00eb moment romantik mes nj\u00ebri-tjetrit, teksa t\u00eb dy ata u thirr\u00ebn n\u00eb dhom\u00ebn e rr\u00ebfimit. Teksa pan\u00eb nj\u00eb klip me momentet e tyre m\u00eb t\u00eb bukura, Bardhi arriti t\u2019i \u201crr\u00ebmbente\u201d puthjen e par\u00eb n\u00eb buz\u00eb Sar\u00ebs.<\/p>\n<p><img fetchpriority=\"high\" decoding=\"async\" class=\"alignnone size-full wp-image-4989\" src=\"https:\/\/revistatrend.com\/wp-content\/uploads\/2024\/02\/sara2.jpg\" alt=\"\" width=\"800\" height=\"450\" srcset=\"https:\/\/revistatrend.com\/wp-content\/uploads\/2024\/02\/sara2.jpg 800w, https:\/\/revistatrend.com\/wp-content\/uploads\/2024\/02\/sara2-300x169.jpg 300w, https:\/\/revistatrend.com\/wp-content\/uploads\/2024\/02\/sara2-768x432.jpg 768w, https:\/\/revistatrend.com\/wp-content\/uploads\/2024\/02\/sara2-150x84.jpg 150w, https:\/\/revistatrend.com\/wp-content\/uploads\/2024\/02\/sara2-450x253.jpg 450w\" sizes=\"(max-width: 800px) 100vw, 800px\" \/><\/p>\n<p>Nj\u00eb moment v\u00ebrtet romantik mes \u00e7iftit, t\u00eb cil\u00ebt b\u00ebn\u00eb t\u00eb lumtur dhe pjes\u00ebn tjet\u00ebr t\u00eb banor\u00ebve, t\u00eb cil\u00ebt po e ndiqnin nga dhoma e ndenjes.<\/p>\n<p>Fillimisht Sara tha se ajo do t\u00eb vij\u00eb n\u00eb momentin e duhur, por nuk kaluan pak minuta dhe \u00e7ifti realizuan puthjen e par\u00eb mes tyre<\/p>\n","protected":false},"excerpt":{"rendered":"<p>Sara dhe Bardhi p\u00ebrjetuan nj\u00eb moment romantik mes nj\u00ebri-tjetrit, teksa t\u00eb dy ata u thirr\u00ebn n\u00eb dhom\u00ebn e rr\u00ebfimit. Teksa pan\u00eb nj\u00eb klip me momentet e tyre m\u00eb t\u00eb bukura, Bardhi arriti t\u2019i \u201crr\u00ebmbente\u201d puthjen e par\u00eb n\u00eb buz\u00eb Sar\u00ebs. Nj\u00eb moment v\u00ebrtet romantik mes \u00e7iftit, t\u00eb cil\u00ebt b\u00ebn\u00eb t\u00eb lumtur dhe pjes\u00ebn tjet\u00ebr t\u00eb<\/p>\n","protected":false},"author":1,"featured_media":4990,"comment_status":"open","ping_status":"open","sticky":false,"template":"","format":"standard","meta":{"footnotes":""},"categories":[10],"tags":[],"class_list":{"0":"post-4988","1":"post","2":"type-post","3":"status-publish","4":"format-standard","5":"has-post-thumbnail","7":"category-showbiz"},"_links":{"self":[{"href":"https:\/\/revistatrend.com\/index.php\/wp-json\/wp\/v2\/posts\/4988","targetHints":{"allow":["GET"]}}],"collection":[{"href":"https:\/\/revistatrend.com\/index.php\/wp-json\/wp\/v2\/posts"}],"about":[{"href":"https:\/\/revistatrend.com\/index.php\/wp-json\/wp\/v2\/types\/post"}],"author":[{"embeddable":true,"href":"https:\/\/revistatrend.com\/index.php\/wp-json\/wp\/v2\/users\/1"}],"replies":[{"embeddable":true,"href":"https:\/\/revistatrend.com\/index.php\/wp-json\/wp\/v2\/comments?post=4988"}],"version-history":[{"count":1,"href":"https:\/\/revistatrend.com\/index.php\/wp-json\/wp\/v2\/posts\/4988\/revisions"}],"predecessor-version":[{"id":4991,"href":"https:\/\/revistatrend.com\/index.php\/wp-json\/wp\/v2\/posts\/4988\/revisions\/4991"}],"wp:featuredmedia":[{"embeddable":true,"href":"https:\/\/revistatrend.com\/index.php\/wp-json\/wp\/v2\/media\/4990"}],"wp:attachment":[{"href":"https:\/\/revistatrend.com\/index.php\/wp-json\/wp\/v2\/media?parent=4988"}],"wp:term":[{"taxonomy":"category","embeddable":true,"href":"https:\/\/revistatrend.com\/index.php\/wp-json\/wp\/v2\/categories?post=4988"},{"taxonomy":"post_tag","embeddable":true,"href":"https:\/\/revistatrend.com\/index.php\/wp-json\/wp\/v2\/tags?post=4988"}],"curies":[{"name":"wp","href":"https:\/\/api.w.org\/{rel}","templated":true}]}}