{"id":5039,"date":"2024-03-14T14:42:34","date_gmt":"2024-03-14T14:42:34","guid":{"rendered":"https:\/\/revistatrend.com\/?p=5039"},"modified":"2024-03-14T14:42:34","modified_gmt":"2024-03-14T14:42:34","slug":"me-kane-bere-ish-a-meshkuj-qe-une-nuk-i-njoh-reagon-ashper-sara-gjordeni","status":"publish","type":"post","link":"https:\/\/revistatrend.com\/index.php\/2024\/03\/14\/me-kane-bere-ish-a-meshkuj-qe-une-nuk-i-njoh-reagon-ashper-sara-gjordeni\/","title":{"rendered":"\u201cM\u00eb kan\u00eb b\u00ebr\u00eb ish-a meshkuj q\u00eb un\u00eb nuk i njoh\u201d, reagon ashp\u00ebr Sara Gjordeni!&#8221;"},"content":{"rendered":"<p>Sara ka reaguar s\u00ebrish pas lajmeve q\u00eb ka par\u00eb n\u00eb rrjete sociale pasi doli nga sht\u00ebpia e BBV. P\u00ebrmes nj\u00eb postimi n\u00eb Instastory, Sara shkruan se morali i saj \u00ebsht\u00eb p\u00ebrdhosur dhe se i kan\u00eb b\u00ebr\u00eb ish-a meshkuj q\u00eb as i njeh.<\/p>\n<p>\u201cE kuptoj qart\u00eb q\u00eb jam njeriu m\u00eb i p\u00ebrfolur i momentit dhe kjo vjen me pasoja. V\u00ebrtet kam b\u00ebr\u00eb deklarata t\u00eb forta, por sepse m\u00eb \u00ebsht\u00eb k\u00ebrkuar t\u00eb flas p\u00ebr t\u00eb kaluar\u00ebn time. Askush nuk ka aq guxim t\u00eb g\u00ebnjej\u00eb n\u00eb televizione kaq t\u00eb ndjekura, sepse i bie do kishte probleme t\u00eb m\u00ebdha mendore. Dhe un\u00eb t\u00eb nderuar komentues kam kaluar 100 teste nga psikologia e Big Brother jam totalisht top. Mos e vrisni nga kjo an\u00eb. Tjet\u00ebr gj\u00eb q\u00eb jam e guximshme si dreqi e tjet\u00ebr q\u00eb merren titujt dhe p\u00ebr t\u2019u hapur lajmi shkruhet n\u00eb m\u00ebnyr\u00eb skandaloze q\u00eb t\u00eb t\u00ebrhiqet v\u00ebmendja. Sa p\u00ebr emisionet, kam nj\u00eb kontrat\u00eb q\u00eb duhet ta respektoj dhe ti\u2019i frekuentoj. Se t\u00eb ishte p\u00ebr mua, rrija ngroht\u00eb n\u00eb krevat. N\u00eb kurrizin tim, po abuzohet n\u00eb m\u00ebnyr\u00eb makabre!<\/p>\n<p><img fetchpriority=\"high\" decoding=\"async\" class=\"alignnone size-full wp-image-5040\" src=\"https:\/\/revistatrend.com\/wp-content\/uploads\/2024\/03\/saraa2.jpg\" alt=\"\" width=\"915\" height=\"507\" srcset=\"https:\/\/revistatrend.com\/wp-content\/uploads\/2024\/03\/saraa2.jpg 915w, https:\/\/revistatrend.com\/wp-content\/uploads\/2024\/03\/saraa2-300x166.jpg 300w, https:\/\/revistatrend.com\/wp-content\/uploads\/2024\/03\/saraa2-768x426.jpg 768w, https:\/\/revistatrend.com\/wp-content\/uploads\/2024\/03\/saraa2-150x83.jpg 150w, https:\/\/revistatrend.com\/wp-content\/uploads\/2024\/03\/saraa2-450x249.jpg 450w\" sizes=\"(max-width: 915px) 100vw, 915px\" \/><\/p>\n<p>M\u00eb kan\u00eb b\u00ebr\u00eb isha meshkuj q\u00eb as i njoh, duke nisur nga Silvi, duke p\u00ebrdorur familjen time\u2026E kam t\u00eb faktuar nga njer\u00ebz t\u00eb fush\u00ebs q\u00eb media e shkruar po b\u00ebjn\u00eb miliona n\u00eb emrin tim. P\u00ebr familjen dhe sakrificat, kan\u00eb folur edhe banor\u00eb t\u00eb tjer\u00eb, por po shfryt\u00ebzohet dhe keqp\u00ebrdoret vet\u00ebm emri im. Gjejeni pse\u2026 Figura ime si fem\u00ebr dhe morali im \u00ebsht\u00eb p\u00ebrdhosur dhe orientuar negativisht nga persona t\u00eb caktuar, q\u00eb problemet i kan\u00eb personale me mua.<\/p>\n<p>Ama t\u00eb dini di\u00e7ka, q\u00eb nga dita q\u00eb kam dal\u00eb dhe deri sot, nuk ka derdhur asnj\u00eb pik\u00eb lot. P\u00ebrkundrazi, i kam dh\u00ebn\u00eb forc\u00eb n\u00ebn\u00ebs sime, Lun\u00ebs, Bardhit, n\u00ebn\u00ebs s\u00eb tij, motr\u00ebs, v\u00ebllait etj. Nuk m\u00eb rr\u00ebzoni dot, as me tituj, as me komente, as me akuza, as me fyerje&#8221;, shkruan Sara.<\/p>\n","protected":false},"excerpt":{"rendered":"<p>Sara ka reaguar s\u00ebrish pas lajmeve q\u00eb ka par\u00eb n\u00eb rrjete sociale pasi doli nga sht\u00ebpia e BBV. P\u00ebrmes nj\u00eb postimi n\u00eb Instastory, Sara shkruan se morali i saj \u00ebsht\u00eb p\u00ebrdhosur dhe se i kan\u00eb b\u00ebr\u00eb ish-a meshkuj q\u00eb as i njeh. \u201cE kuptoj qart\u00eb q\u00eb jam njeriu m\u00eb i p\u00ebrfolur i momentit dhe kjo<\/p>\n","protected":false},"author":1,"featured_media":5041,"comment_status":"open","ping_status":"open","sticky":false,"template":"","format":"standard","meta":{"footnotes":""},"categories":[10],"tags":[],"class_list":{"0":"post-5039","1":"post","2":"type-post","3":"status-publish","4":"format-standard","5":"has-post-thumbnail","7":"category-showbiz"},"_links":{"self":[{"href":"https:\/\/revistatrend.com\/index.php\/wp-json\/wp\/v2\/posts\/5039","targetHints":{"allow":["GET"]}}],"collection":[{"href":"https:\/\/revistatrend.com\/index.php\/wp-json\/wp\/v2\/posts"}],"about":[{"href":"https:\/\/revistatrend.com\/index.php\/wp-json\/wp\/v2\/types\/post"}],"author":[{"embeddable":true,"href":"https:\/\/revistatrend.com\/index.php\/wp-json\/wp\/v2\/users\/1"}],"replies":[{"embeddable":true,"href":"https:\/\/revistatrend.com\/index.php\/wp-json\/wp\/v2\/comments?post=5039"}],"version-history":[{"count":1,"href":"https:\/\/revistatrend.com\/index.php\/wp-json\/wp\/v2\/posts\/5039\/revisions"}],"predecessor-version":[{"id":5042,"href":"https:\/\/revistatrend.com\/index.php\/wp-json\/wp\/v2\/posts\/5039\/revisions\/5042"}],"wp:featuredmedia":[{"embeddable":true,"href":"https:\/\/revistatrend.com\/index.php\/wp-json\/wp\/v2\/media\/5041"}],"wp:attachment":[{"href":"https:\/\/revistatrend.com\/index.php\/wp-json\/wp\/v2\/media?parent=5039"}],"wp:term":[{"taxonomy":"category","embeddable":true,"href":"https:\/\/revistatrend.com\/index.php\/wp-json\/wp\/v2\/categories?post=5039"},{"taxonomy":"post_tag","embeddable":true,"href":"https:\/\/revistatrend.com\/index.php\/wp-json\/wp\/v2\/tags?post=5039"}],"curies":[{"name":"wp","href":"https:\/\/api.w.org\/{rel}","templated":true}]}}