{"id":5043,"date":"2024-03-14T14:44:36","date_gmt":"2024-03-14T14:44:36","guid":{"rendered":"https:\/\/revistatrend.com\/?p=5043"},"modified":"2024-03-14T14:44:36","modified_gmt":"2024-03-14T14:44:36","slug":"lily-allen-qe-kur-u-bera-nene-mu-shkaterrua-karriera","status":"publish","type":"post","link":"https:\/\/revistatrend.com\/index.php\/2024\/03\/14\/lily-allen-qe-kur-u-bera-nene-mu-shkaterrua-karriera\/","title":{"rendered":"Lily Allen: Q\u00eb kur u b\u00ebra n\u00ebn\u00eb, m&#8217;u shkat\u00ebrrua karriera!"},"content":{"rendered":"<p>K\u00ebng\u00ebtarja britanike e pop-it, Lily Allen ka deklaruar se t\u00eb pasurit f\u00ebmij\u00eb po shkat\u00ebrrojn\u00eb totalisht karrier\u00ebn e saj. Kur u pyet n\u00eb podkastin e Radio Times n\u00ebse duhej t\u00eb rimendonte strategjin\u00eb e saj t\u00eb karrier\u00ebs pasi kishte f\u00ebmij\u00eb, Allen u p\u00ebrgjigj: &#8220;Un\u00eb kurr\u00eb nuk kam nj\u00eb strategji kur b\u00ebhet fjal\u00eb p\u00ebr karrier\u00ebn, por po, f\u00ebmij\u00ebt e mi e shkat\u00ebrruan karrier\u00ebn time. Dua t\u00eb them q\u00eb i dua dhe m\u00eb kompletojn\u00eb\u201d.<\/p>\n<p><img fetchpriority=\"high\" decoding=\"async\" class=\"alignnone size-full wp-image-5045\" src=\"https:\/\/revistatrend.com\/wp-content\/uploads\/2024\/03\/lily1.png\" alt=\"\" width=\"1200\" height=\"630\" srcset=\"https:\/\/revistatrend.com\/wp-content\/uploads\/2024\/03\/lily1.png 1200w, https:\/\/revistatrend.com\/wp-content\/uploads\/2024\/03\/lily1-300x158.png 300w, https:\/\/revistatrend.com\/wp-content\/uploads\/2024\/03\/lily1-1024x538.png 1024w, https:\/\/revistatrend.com\/wp-content\/uploads\/2024\/03\/lily1-768x403.png 768w, https:\/\/revistatrend.com\/wp-content\/uploads\/2024\/03\/lily1-150x79.png 150w, https:\/\/revistatrend.com\/wp-content\/uploads\/2024\/03\/lily1-450x236.png 450w\" sizes=\"(max-width: 1200px) 100vw, 1200px\" \/><\/p>\n<p>\u201cMe t\u00eb v\u00ebrtet\u00eb m\u00eb m\u00ebrzit kur njer\u00ebzit thon\u00eb se mund t&#8217;i kesh t\u00eb gjitha, sepse, sinqerisht, nuk mundesh. Disa njer\u00ebz zgjedhin karrier\u00ebn e tyre mbi f\u00ebmij\u00ebt e tyre dhe kjo \u00ebsht\u00eb prerogativa e tyre\u201d, shtoi ajo.<\/p>\n<p>Allen suksesin em\u00eb t\u00eb madh n\u00eb MB e ka pasur me tre hite num\u00ebr nj\u00eb dhe 15 n\u00eb Top 40. Albumi i saj debutues &#8220;Alright Still&#8221;, i cili p\u00ebrmbante &#8220;Smile&#8221; dhe &#8220;LDN&#8221;, e katapultoi at\u00eb n\u00eb fam\u00eb dhe rezultoi n\u00eb nj\u00eb nominim p\u00ebr albumin m\u00eb t\u00eb mir\u00eb muzikor alternativ n\u00eb Grammy A\u00ebards 2008. Allen, 38 vje\u00e7, tha se zgjodhi t\u00eb t\u00ebrhiqej nga karriera e saj dhe t\u00eb fokusohej n\u00eb rritjen e dy vajzave t\u00eb saj, sepse prind\u00ebrit e saj nuk ishin shum\u00eb prezent n\u00eb f\u00ebmij\u00ebrin\u00eb e saj.<\/p>\n<p>\u201cNdjehem sikur kjo me t\u00eb v\u00ebrtet\u00eb la disa plag\u00eb t\u00eb k\u00ebqija q\u00eb nuk jam e gatsh\u00ebme t&#8217;i p\u00ebrs\u00ebris tek f\u00ebmij\u00ebt e mi. Zgjodha t\u00eb t\u00ebrhiqem dhe t\u00eb p\u00ebrqendrohesha tek ata dhe jam i k\u00ebnaqur q\u00eb e kam b\u00ebr\u00eb k\u00ebt\u00eb sepse mendoj se ata jan\u00eb njer\u00ebz mjaft t\u00eb mir\u00ebkuptuar\u201d, p\u00ebrfundoi ajo.<\/p>\n","protected":false},"excerpt":{"rendered":"<p>K\u00ebng\u00ebtarja britanike e pop-it, Lily Allen ka deklaruar se t\u00eb pasurit f\u00ebmij\u00eb po shkat\u00ebrrojn\u00eb totalisht karrier\u00ebn e saj. Kur u pyet n\u00eb podkastin e Radio Times n\u00ebse duhej t\u00eb rimendonte strategjin\u00eb e saj t\u00eb karrier\u00ebs pasi kishte f\u00ebmij\u00eb, Allen u p\u00ebrgjigj: &#8220;Un\u00eb kurr\u00eb nuk kam nj\u00eb strategji kur b\u00ebhet fjal\u00eb p\u00ebr karrier\u00ebn, por po, f\u00ebmij\u00ebt<\/p>\n","protected":false},"author":1,"featured_media":5044,"comment_status":"open","ping_status":"open","sticky":false,"template":"","format":"standard","meta":{"footnotes":""},"categories":[10],"tags":[],"class_list":{"0":"post-5043","1":"post","2":"type-post","3":"status-publish","4":"format-standard","5":"has-post-thumbnail","7":"category-showbiz"},"_links":{"self":[{"href":"https:\/\/revistatrend.com\/index.php\/wp-json\/wp\/v2\/posts\/5043","targetHints":{"allow":["GET"]}}],"collection":[{"href":"https:\/\/revistatrend.com\/index.php\/wp-json\/wp\/v2\/posts"}],"about":[{"href":"https:\/\/revistatrend.com\/index.php\/wp-json\/wp\/v2\/types\/post"}],"author":[{"embeddable":true,"href":"https:\/\/revistatrend.com\/index.php\/wp-json\/wp\/v2\/users\/1"}],"replies":[{"embeddable":true,"href":"https:\/\/revistatrend.com\/index.php\/wp-json\/wp\/v2\/comments?post=5043"}],"version-history":[{"count":1,"href":"https:\/\/revistatrend.com\/index.php\/wp-json\/wp\/v2\/posts\/5043\/revisions"}],"predecessor-version":[{"id":5046,"href":"https:\/\/revistatrend.com\/index.php\/wp-json\/wp\/v2\/posts\/5043\/revisions\/5046"}],"wp:featuredmedia":[{"embeddable":true,"href":"https:\/\/revistatrend.com\/index.php\/wp-json\/wp\/v2\/media\/5044"}],"wp:attachment":[{"href":"https:\/\/revistatrend.com\/index.php\/wp-json\/wp\/v2\/media?parent=5043"}],"wp:term":[{"taxonomy":"category","embeddable":true,"href":"https:\/\/revistatrend.com\/index.php\/wp-json\/wp\/v2\/categories?post=5043"},{"taxonomy":"post_tag","embeddable":true,"href":"https:\/\/revistatrend.com\/index.php\/wp-json\/wp\/v2\/tags?post=5043"}],"curies":[{"name":"wp","href":"https:\/\/api.w.org\/{rel}","templated":true}]}}