{"id":5110,"date":"2024-03-18T13:23:31","date_gmt":"2024-03-18T13:23:31","guid":{"rendered":"https:\/\/revistatrend.com\/?p=5110"},"modified":"2024-03-18T13:23:31","modified_gmt":"2024-03-18T13:23:31","slug":"shume-pjese-te-jetes-time-mu-shkaterruan-para-syve-shakira-flet-per-ndarjen-nga-pique","status":"publish","type":"post","link":"https:\/\/revistatrend.com\/index.php\/2024\/03\/18\/shume-pjese-te-jetes-time-mu-shkaterruan-para-syve-shakira-flet-per-ndarjen-nga-pique\/","title":{"rendered":"\u201cShum\u00eb pjes\u00eb t\u00eb jet\u00ebs time m&#8217;u shkat\u00ebrruan para syve\u201d\/ Shakira flet p\u00ebr ndarjen nga Pique!"},"content":{"rendered":"<p>K\u00ebng\u00ebtarja e njohur Shakira ka deklaruar s\u00eb fundmi se ka hequr dor\u00eb p\u00ebr nj\u00eb koh\u00eb t\u00eb gjat\u00eb nga karriera muzikore, p\u00ebr t\u00eb qen\u00eb me ish-partnerin e saj Gerard Pique. Ylli kolumbian dhe ish-futbollisti profesionist spanjoll pat\u00ebn nj\u00eb lidhje 11 vje\u00e7are, nd\u00ebrsa n\u00eb qershor t\u00eb vitit 2022 i dhan\u00eb fund. Shakira, 47, do t\u00eb publikoj\u00eb albumin e saj t\u00eb par\u00eb n\u00eb shtat\u00eb vjet, Las Mujeres Ya No Lloran. Duke reflektuar p\u00ebr koh\u00ebn q\u00eb ka kaluar q\u00eb kur ajo publikoi El Dorado t\u00eb vitit 2017, ajo tha p\u00ebr The Times: &#8220;P\u00ebr nj\u00eb koh\u00eb t\u00eb gjat\u00eb e kam l\u00ebn\u00eb n\u00eb pritje karrier\u00ebn time, p\u00ebr t\u00eb qen\u00eb pran\u00eb Gerardit, q\u00eb ai t\u00eb mund t\u00eb luante futboll. Kishte shum\u00eb sakrifica p\u00ebr dashurin\u00eb\u201d.<\/p>\n<p><img fetchpriority=\"high\" decoding=\"async\" class=\"alignnone size-full wp-image-5111\" src=\"https:\/\/revistatrend.com\/wp-content\/uploads\/2024\/03\/shakira-1.jpg\" alt=\"\" width=\"540\" height=\"260\" srcset=\"https:\/\/revistatrend.com\/wp-content\/uploads\/2024\/03\/shakira-1.jpg 540w, https:\/\/revistatrend.com\/wp-content\/uploads\/2024\/03\/shakira-1-300x144.jpg 300w, https:\/\/revistatrend.com\/wp-content\/uploads\/2024\/03\/shakira-1-150x72.jpg 150w, https:\/\/revistatrend.com\/wp-content\/uploads\/2024\/03\/shakira-1-450x217.jpg 450w\" sizes=\"(max-width: 540px) 100vw, 540px\" \/><\/p>\n<p>Albumi i ardhsh\u00ebm p\u00ebrfaq\u00ebson transformimin e dhimbjes n\u00eb kreativitet, zhg\u00ebnjimin n\u00eb produktivitet, zem\u00ebrimin n\u00eb pasion, cenueshm\u00ebrin\u00eb n\u00eb elasticitet, tha ajo.<\/p>\n<p>&#8220;Kishte kaq shum\u00eb pjes\u00eb t\u00eb jet\u00ebs sime q\u00eb u shkat\u00ebrruan para syve dhe m\u00eb duhej t\u00eb rind\u00ebrtoja veten n\u00eb nj\u00eb far\u00eb m\u00ebnyre, duke marr\u00eb kockat nga dyshemeja dhe duke i bashkuar t\u00eb gjitha. Dhe ngjit\u00ebsi q\u00eb i mbajti t\u00eb gjitha s\u00eb bashku ishte muzik\u00eb\u201d, shtoi Shakira.<\/p>\n","protected":false},"excerpt":{"rendered":"<p>K\u00ebng\u00ebtarja e njohur Shakira ka deklaruar s\u00eb fundmi se ka hequr dor\u00eb p\u00ebr nj\u00eb koh\u00eb t\u00eb gjat\u00eb nga karriera muzikore, p\u00ebr t\u00eb qen\u00eb me ish-partnerin e saj Gerard Pique. Ylli kolumbian dhe ish-futbollisti profesionist spanjoll pat\u00ebn nj\u00eb lidhje 11 vje\u00e7are, nd\u00ebrsa n\u00eb qershor t\u00eb vitit 2022 i dhan\u00eb fund. Shakira, 47, do t\u00eb publikoj\u00eb albumin<\/p>\n","protected":false},"author":1,"featured_media":5112,"comment_status":"open","ping_status":"open","sticky":false,"template":"","format":"standard","meta":{"footnotes":""},"categories":[10],"tags":[],"class_list":{"0":"post-5110","1":"post","2":"type-post","3":"status-publish","4":"format-standard","5":"has-post-thumbnail","7":"category-showbiz"},"_links":{"self":[{"href":"https:\/\/revistatrend.com\/index.php\/wp-json\/wp\/v2\/posts\/5110","targetHints":{"allow":["GET"]}}],"collection":[{"href":"https:\/\/revistatrend.com\/index.php\/wp-json\/wp\/v2\/posts"}],"about":[{"href":"https:\/\/revistatrend.com\/index.php\/wp-json\/wp\/v2\/types\/post"}],"author":[{"embeddable":true,"href":"https:\/\/revistatrend.com\/index.php\/wp-json\/wp\/v2\/users\/1"}],"replies":[{"embeddable":true,"href":"https:\/\/revistatrend.com\/index.php\/wp-json\/wp\/v2\/comments?post=5110"}],"version-history":[{"count":1,"href":"https:\/\/revistatrend.com\/index.php\/wp-json\/wp\/v2\/posts\/5110\/revisions"}],"predecessor-version":[{"id":5113,"href":"https:\/\/revistatrend.com\/index.php\/wp-json\/wp\/v2\/posts\/5110\/revisions\/5113"}],"wp:featuredmedia":[{"embeddable":true,"href":"https:\/\/revistatrend.com\/index.php\/wp-json\/wp\/v2\/media\/5112"}],"wp:attachment":[{"href":"https:\/\/revistatrend.com\/index.php\/wp-json\/wp\/v2\/media?parent=5110"}],"wp:term":[{"taxonomy":"category","embeddable":true,"href":"https:\/\/revistatrend.com\/index.php\/wp-json\/wp\/v2\/categories?post=5110"},{"taxonomy":"post_tag","embeddable":true,"href":"https:\/\/revistatrend.com\/index.php\/wp-json\/wp\/v2\/tags?post=5110"}],"curies":[{"name":"wp","href":"https:\/\/api.w.org\/{rel}","templated":true}]}}