{"id":5114,"date":"2024-03-18T13:26:08","date_gmt":"2024-03-18T13:26:08","guid":{"rendered":"https:\/\/revistatrend.com\/?p=5114"},"modified":"2024-03-18T13:26:08","modified_gmt":"2024-03-18T13:26:08","slug":"celine-dion-po-jetoj-nje-nga-pervojat-me-te-veshtira-te-jetes-sime","status":"publish","type":"post","link":"https:\/\/revistatrend.com\/index.php\/2024\/03\/18\/celine-dion-po-jetoj-nje-nga-pervojat-me-te-veshtira-te-jetes-sime\/","title":{"rendered":"Celine Dion: Po jetoj nj\u00eb nga p\u00ebrvojat m\u00eb t\u00eb v\u00ebshtira t\u00eb jet\u00ebs sime!"},"content":{"rendered":"<p>Celine Dion po fokusohet tek familja dhe e ardhmja e saj, teksa vazhdon t\u00eb jetoj\u00eb me nj\u00eb sfid\u00eb sh\u00ebndet\u00ebsore. K\u00ebng\u00ebtarja kanadeze \u00ebsht\u00eb diagnostikuar me s\u00ebmundjen e pash\u00ebrueshme neurologjike SPS e cila b\u00ebn q\u00eb muskujt e saj t\u00eb tensionohen n\u00eb m\u00ebnyr\u00eb t\u00eb pakontrolluar. Dion ka treguar se kjo \u00ebsht\u00eb nd\u00ebr p\u00ebrvojat m\u00eb t\u00eb v\u00ebshtira t\u00eb jet\u00ebs s\u00eb saj, duke theksuar se \u00ebsht\u00eb e vendosur q\u00eb nj\u00eb dit\u00eb t\u00eb kthehet n\u00eb sken\u00eb dhe t\u00eb jetoj\u00eb nj\u00eb jet\u00eb sa m\u00eb normale t\u00eb jet\u00eb e mundur.<\/p>\n<p>Sindroma (SPS) \u00ebsht\u00eb nj\u00eb gjendje e rrall\u00eb neurologjike q\u00eb shkakton spazma dhe ngurt\u00ebsi t\u00eb muskujve, me ndjeshm\u00ebri t\u00eb shtuar ndaj stimujve si z\u00ebri dhe shqet\u00ebsimi emocional. Dion ndau p\u00ebr her\u00eb t\u00eb par\u00eb diagnoz\u00ebn e saj n\u00eb vitin 2022. Q\u00eb at\u00ebher\u00eb ajo nuk ka marr\u00eb pjes\u00eb m\u00eb n\u00ebp\u00ebr turne dhe performanca live.<\/p>\n<p><img fetchpriority=\"high\" decoding=\"async\" class=\"alignnone size-full wp-image-4971\" src=\"https:\/\/revistatrend.com\/wp-content\/uploads\/2024\/02\/celina.jpg\" alt=\"\" width=\"652\" height=\"362\" srcset=\"https:\/\/revistatrend.com\/wp-content\/uploads\/2024\/02\/celina.jpg 652w, https:\/\/revistatrend.com\/wp-content\/uploads\/2024\/02\/celina-300x167.jpg 300w, https:\/\/revistatrend.com\/wp-content\/uploads\/2024\/02\/celina-150x83.jpg 150w, https:\/\/revistatrend.com\/wp-content\/uploads\/2024\/02\/celina-450x250.jpg 450w\" sizes=\"(max-width: 652px) 100vw, 652px\" \/><\/p>\n","protected":false},"excerpt":{"rendered":"<p>Celine Dion po fokusohet tek familja dhe e ardhmja e saj, teksa vazhdon t\u00eb jetoj\u00eb me nj\u00eb sfid\u00eb sh\u00ebndet\u00ebsore. K\u00ebng\u00ebtarja kanadeze \u00ebsht\u00eb diagnostikuar me s\u00ebmundjen e pash\u00ebrueshme neurologjike SPS e cila b\u00ebn q\u00eb muskujt e saj t\u00eb tensionohen n\u00eb m\u00ebnyr\u00eb t\u00eb pakontrolluar. Dion ka treguar se kjo \u00ebsht\u00eb nd\u00ebr p\u00ebrvojat m\u00eb t\u00eb v\u00ebshtira t\u00eb jet\u00ebs<\/p>\n","protected":false},"author":1,"featured_media":5115,"comment_status":"open","ping_status":"open","sticky":false,"template":"","format":"standard","meta":{"footnotes":""},"categories":[10],"tags":[],"class_list":{"0":"post-5114","1":"post","2":"type-post","3":"status-publish","4":"format-standard","5":"has-post-thumbnail","7":"category-showbiz"},"_links":{"self":[{"href":"https:\/\/revistatrend.com\/index.php\/wp-json\/wp\/v2\/posts\/5114","targetHints":{"allow":["GET"]}}],"collection":[{"href":"https:\/\/revistatrend.com\/index.php\/wp-json\/wp\/v2\/posts"}],"about":[{"href":"https:\/\/revistatrend.com\/index.php\/wp-json\/wp\/v2\/types\/post"}],"author":[{"embeddable":true,"href":"https:\/\/revistatrend.com\/index.php\/wp-json\/wp\/v2\/users\/1"}],"replies":[{"embeddable":true,"href":"https:\/\/revistatrend.com\/index.php\/wp-json\/wp\/v2\/comments?post=5114"}],"version-history":[{"count":1,"href":"https:\/\/revistatrend.com\/index.php\/wp-json\/wp\/v2\/posts\/5114\/revisions"}],"predecessor-version":[{"id":5116,"href":"https:\/\/revistatrend.com\/index.php\/wp-json\/wp\/v2\/posts\/5114\/revisions\/5116"}],"wp:featuredmedia":[{"embeddable":true,"href":"https:\/\/revistatrend.com\/index.php\/wp-json\/wp\/v2\/media\/5115"}],"wp:attachment":[{"href":"https:\/\/revistatrend.com\/index.php\/wp-json\/wp\/v2\/media?parent=5114"}],"wp:term":[{"taxonomy":"category","embeddable":true,"href":"https:\/\/revistatrend.com\/index.php\/wp-json\/wp\/v2\/categories?post=5114"},{"taxonomy":"post_tag","embeddable":true,"href":"https:\/\/revistatrend.com\/index.php\/wp-json\/wp\/v2\/tags?post=5114"}],"curies":[{"name":"wp","href":"https:\/\/api.w.org\/{rel}","templated":true}]}}