{"id":5117,"date":"2024-03-18T13:28:27","date_gmt":"2024-03-18T13:28:27","guid":{"rendered":"https:\/\/revistatrend.com\/?p=5117"},"modified":"2024-03-18T13:28:27","modified_gmt":"2024-03-18T13:28:27","slug":"jemi-takuar-rastesisht-ne-lezhe-rudina-dembacaj-dhe-mark-frroku-tregojne-historine-e-tyre-te-dashurise","status":"publish","type":"post","link":"https:\/\/revistatrend.com\/index.php\/2024\/03\/18\/jemi-takuar-rastesisht-ne-lezhe-rudina-dembacaj-dhe-mark-frroku-tregojne-historine-e-tyre-te-dashurise\/","title":{"rendered":"\u201cJemi takuar rast\u00ebsisht n\u00eb Lezh\u00eb\u201d\/ Rudina Dembacaj dhe Mark Frroku tregojn\u00eb historin\u00eb e tyre t\u00eb dashuris\u00eb!"},"content":{"rendered":"<p>Rudina Dembacaj dhe partneri i saj Mark Frroku kan\u00eb treguar se si ka nisur historia e tyre e dashuris\u00eb. Ata treguan n\u00eb Se Luan Topi se fillimisht kan\u00eb qen\u00eb miq shum\u00eb t\u00eb mir\u00eb dhe m\u00eb pas kuror\u00ebzuan lidhjen e tyre edhe me martes\u00eb, nd\u00ebrsa tani jan\u00eb prej m\u00eb shum\u00eb se 5 vitesh bashk\u00eb.<\/p>\n<p><img fetchpriority=\"high\" decoding=\"async\" class=\"alignnone size-full wp-image-5119\" src=\"https:\/\/revistatrend.com\/wp-content\/uploads\/2024\/03\/rudiii.jpeg\" alt=\"\" width=\"1284\" height=\"1588\" srcset=\"https:\/\/revistatrend.com\/wp-content\/uploads\/2024\/03\/rudiii.jpeg 1284w, https:\/\/revistatrend.com\/wp-content\/uploads\/2024\/03\/rudiii-243x300.jpeg 243w, https:\/\/revistatrend.com\/wp-content\/uploads\/2024\/03\/rudiii-828x1024.jpeg 828w, https:\/\/revistatrend.com\/wp-content\/uploads\/2024\/03\/rudiii-768x950.jpeg 768w, https:\/\/revistatrend.com\/wp-content\/uploads\/2024\/03\/rudiii-1242x1536.jpeg 1242w, https:\/\/revistatrend.com\/wp-content\/uploads\/2024\/03\/rudiii-150x186.jpeg 150w, https:\/\/revistatrend.com\/wp-content\/uploads\/2024\/03\/rudiii-450x557.jpeg 450w, https:\/\/revistatrend.com\/wp-content\/uploads\/2024\/03\/rudiii-1200x1484.jpeg 1200w\" sizes=\"(max-width: 1284px) 100vw, 1284px\" \/><\/p>\n<p>Pjes\u00eb nga biseda:<\/p>\n<p>Rudina Dembacaj: Marku nuk del n\u00eb emisione televizive, \u00e7far\u00eb i keni b\u00ebr\u00eb<\/p>\n<p>Erjona Rusi: E di sa njer\u00ebz jan\u00eb ulur n\u00eb at\u00eb kolltuk edhe kan\u00eb th\u00ebn\u00eb se mendoja kurr\u00eb.<\/p>\n<p>Mark Frroku: Banditja \u00ebsht\u00eb kjo. M\u00eb ka vjedhur zemr\u00ebn. Ne jemi takuar rast\u00ebsisht n\u00eb nj\u00eb vend n\u00eb Lezh\u00eb. Shk\u00ebmbyem numrat dhe m\u00eb pas u takuam n\u00eb Tiran\u00eb. Un\u00eb e marr n\u00eb telefon dhe i thash pioni kafe ktej nga fshati ju.<\/p>\n<p>Rudina Dembacaj: Un\u00eb thash se ku jeton.<\/p>\n<p>Mark Frroku: Fillimisht ka qen\u00eb shum\u00eb shoq\u00ebrore. Ishim shum\u00eb miq.<\/p>\n<p>Rudina Dembacaj: Un\u00eb ende se kam marr\u00eb veten q\u00eb Marku \u00ebsht\u00eb k\u00ebtu. Marku nuk del kurr\u00eb n\u00eb emisione televizive, nuk e di \u00e7far\u00eb i keni b\u00ebr\u00eb.<\/p>\n<p>Mark Frroku: Un\u00eb kam ardhur p\u00ebr ty.<\/p>\n<p>Rudina Dembacaj: Kemi qen\u00eb shum\u00eb miq dhe me th\u00ebn\u00eb t\u00eb drejt\u00ebn nuk e refuzoja kur dilnim. Sa her\u00eb m\u00eb thonte p\u00ebr kafe, un\u00eb pronto. M\u00eb t\u00ebrhiqte q\u00eb n\u00eb fillim.<\/p>\n<p>Mark Frroku: Super e k\u00ebndshme n\u00ebp\u00ebr tavolina dhe m\u00eb p\u00eblqente biseda e Rudin\u00ebs. E th\u00ebrrisja m\u00eb th\u00ebrriste, por m\u00eb shum\u00eb e b\u00ebja un\u00eb. Por vinte, nuk p\u00ebrtonte.<\/p>\n<p>Rudina Dembacaj: E pap\u00ebrtushme. Flutur moj flutur.<\/p>\n<p>Mark Frroku: Un\u00eb kalova nj\u00eb eksperienc\u00eb jo e mir\u00eb, dhe Rudi m\u00eb pyeste si kisha kaluar dhe \u00e7far\u00eb kisha b\u00ebr\u00eb. Por nuk linte as nj\u00eb pyetje pa b\u00ebr\u00eb.<\/p>\n","protected":false},"excerpt":{"rendered":"<p>Rudina Dembacaj dhe partneri i saj Mark Frroku kan\u00eb treguar se si ka nisur historia e tyre e dashuris\u00eb. Ata treguan n\u00eb Se Luan Topi se fillimisht kan\u00eb qen\u00eb miq shum\u00eb t\u00eb mir\u00eb dhe m\u00eb pas kuror\u00ebzuan lidhjen e tyre edhe me martes\u00eb, nd\u00ebrsa tani jan\u00eb prej m\u00eb shum\u00eb se 5 vitesh bashk\u00eb. Pjes\u00eb nga<\/p>\n","protected":false},"author":1,"featured_media":5118,"comment_status":"open","ping_status":"open","sticky":false,"template":"","format":"standard","meta":{"footnotes":""},"categories":[10],"tags":[],"class_list":{"0":"post-5117","1":"post","2":"type-post","3":"status-publish","4":"format-standard","5":"has-post-thumbnail","7":"category-showbiz"},"_links":{"self":[{"href":"https:\/\/revistatrend.com\/index.php\/wp-json\/wp\/v2\/posts\/5117","targetHints":{"allow":["GET"]}}],"collection":[{"href":"https:\/\/revistatrend.com\/index.php\/wp-json\/wp\/v2\/posts"}],"about":[{"href":"https:\/\/revistatrend.com\/index.php\/wp-json\/wp\/v2\/types\/post"}],"author":[{"embeddable":true,"href":"https:\/\/revistatrend.com\/index.php\/wp-json\/wp\/v2\/users\/1"}],"replies":[{"embeddable":true,"href":"https:\/\/revistatrend.com\/index.php\/wp-json\/wp\/v2\/comments?post=5117"}],"version-history":[{"count":1,"href":"https:\/\/revistatrend.com\/index.php\/wp-json\/wp\/v2\/posts\/5117\/revisions"}],"predecessor-version":[{"id":5120,"href":"https:\/\/revistatrend.com\/index.php\/wp-json\/wp\/v2\/posts\/5117\/revisions\/5120"}],"wp:featuredmedia":[{"embeddable":true,"href":"https:\/\/revistatrend.com\/index.php\/wp-json\/wp\/v2\/media\/5118"}],"wp:attachment":[{"href":"https:\/\/revistatrend.com\/index.php\/wp-json\/wp\/v2\/media?parent=5117"}],"wp:term":[{"taxonomy":"category","embeddable":true,"href":"https:\/\/revistatrend.com\/index.php\/wp-json\/wp\/v2\/categories?post=5117"},{"taxonomy":"post_tag","embeddable":true,"href":"https:\/\/revistatrend.com\/index.php\/wp-json\/wp\/v2\/tags?post=5117"}],"curies":[{"name":"wp","href":"https:\/\/api.w.org\/{rel}","templated":true}]}}