{"id":5399,"date":"2024-03-28T16:35:00","date_gmt":"2024-03-28T16:35:00","guid":{"rendered":"https:\/\/revistatrend.com\/?p=5399"},"modified":"2024-03-28T16:35:00","modified_gmt":"2024-03-28T16:35:00","slug":"baby-g-para-5-vitesh-kam-mesuar-te-flas-shqip-ja-emri-im-i-vertete-dhe-prejardhja-e-tij","status":"publish","type":"post","link":"https:\/\/revistatrend.com\/index.php\/2024\/03\/28\/baby-g-para-5-vitesh-kam-mesuar-te-flas-shqip-ja-emri-im-i-vertete-dhe-prejardhja-e-tij\/","title":{"rendered":"Baby G: Para 5 vitesh kam m\u00ebsuar t\u00eb flas shqip. Ja emri im i v\u00ebrtet\u00eb dhe prejardhja e tij!"},"content":{"rendered":"<p>Teksa t\u00eb gjith\u00eb fermer\u00ebt kan\u00eb r\u00ebn\u00eb p\u00ebr t\u00eb fjetur, Baby G dhe Albano kan\u00eb q\u00ebndruar zgjuar n\u00eb or\u00ebt e vona ku dhe kan\u00eb diskutuar. Albano e ka pyetur k\u00ebng\u00ebtaren, ku ajo ka zbuluar disa detaje nga jeta personale.<\/p>\n<p>K\u00ebng\u00ebtarja ka rr\u00ebfyer se ka jetuar p\u00ebr 25 vite n\u00eb Angli dhe ka m\u00ebsuar gjuh\u00ebn shqipe para 5 viteve.<\/p>\n<p>Pjes\u00eb nga biseda:<\/p>\n<p>Baby G: Kam jetuar n\u00eb Angli p\u00ebr 25 vite, para 5 viteve nuk kam kuptuar asnj\u00eb fjal\u00eb dhe tani e kuptoj q\u00eb \u00ebsht\u00eb shum\u00eb keq. Un\u00eb jam rritur m\u00eb Angli, s\u2019ka pasur shum\u00eb shqiptar\u00eb atje ku kam jetuar un\u00eb. Mami dhe babi jan\u00eb shqiptar\u00eb, ama q\u00eb f\u00ebmij\u00eb na kan\u00eb m\u00ebsuar t\u00eb flasim anglisht sepse ata kan\u00eb menduar se \u00ebsht\u00eb m\u00eb mir\u00eb p\u00ebr shkoll\u00ebn n\u00eb Angli.<\/p>\n<p>Albano: Un\u00eb kam nj\u00eb shfaqje ku ftoj t\u00eb famsh\u00ebm dhe i intervistoj. T\u00eb t\u00eb b\u00ebj nj\u00eb intervist\u00eb?<\/p>\n<p>Baby G: N\u00eb rregull.<\/p>\n<p>Albano: Mir\u00eb se vjen n\u00eb Albano Show, \u00ebsht\u00eb nj\u00eb k\u00ebnaq\u00ebsi t\u00eb t\u00eb kem n\u00eb studio.<\/p>\n<p>Baby G: Faleminderit p\u00ebr ftes\u00ebn, jam e lumtur q\u00eb jam k\u00ebtu.<\/p>\n<p>Albano: Gordana?<\/p>\n<p>Baby G: Po.<\/p>\n<p>Albano: T\u00eb gjith\u00eb t\u00eb njohin si Baby G, por emrin e ke Gordana?<\/p>\n<p>Baby G: Po.<\/p>\n<p>Albano: Kush ta ka vendosur emrin?<\/p>\n<p>Baby G: Emrin ma ka vendosur gjyshi im q\u00eb e dua shum\u00eb dhe m\u00eb mungon shum\u00eb. Do t\u00eb qaj, jam shum\u00eb emocionale sot.<\/p>\n<p>Albano: Ta shpjegova nga e ka prejardhjen emri yt dhe e komplimentova gjyshin q\u00eb ka shfletuar edhe e di ekzistencen e atij qyteti t\u00eb famsh\u00ebm q\u00eb \u00ebsht\u00eb zhdukur q\u00eb ka ekzistuar para 2500-3000 viteve.<\/p>\n","protected":false},"excerpt":{"rendered":"<p>Teksa t\u00eb gjith\u00eb fermer\u00ebt kan\u00eb r\u00ebn\u00eb p\u00ebr t\u00eb fjetur, Baby G dhe Albano kan\u00eb q\u00ebndruar zgjuar n\u00eb or\u00ebt e vona ku dhe kan\u00eb diskutuar. Albano e ka pyetur k\u00ebng\u00ebtaren, ku ajo ka zbuluar disa detaje nga jeta personale. K\u00ebng\u00ebtarja ka rr\u00ebfyer se ka jetuar p\u00ebr 25 vite n\u00eb Angli dhe ka m\u00ebsuar gjuh\u00ebn shqipe para<\/p>\n","protected":false},"author":1,"featured_media":5400,"comment_status":"open","ping_status":"open","sticky":false,"template":"","format":"standard","meta":{"footnotes":""},"categories":[10],"tags":[],"class_list":{"0":"post-5399","1":"post","2":"type-post","3":"status-publish","4":"format-standard","5":"has-post-thumbnail","7":"category-showbiz"},"_links":{"self":[{"href":"https:\/\/revistatrend.com\/index.php\/wp-json\/wp\/v2\/posts\/5399","targetHints":{"allow":["GET"]}}],"collection":[{"href":"https:\/\/revistatrend.com\/index.php\/wp-json\/wp\/v2\/posts"}],"about":[{"href":"https:\/\/revistatrend.com\/index.php\/wp-json\/wp\/v2\/types\/post"}],"author":[{"embeddable":true,"href":"https:\/\/revistatrend.com\/index.php\/wp-json\/wp\/v2\/users\/1"}],"replies":[{"embeddable":true,"href":"https:\/\/revistatrend.com\/index.php\/wp-json\/wp\/v2\/comments?post=5399"}],"version-history":[{"count":1,"href":"https:\/\/revistatrend.com\/index.php\/wp-json\/wp\/v2\/posts\/5399\/revisions"}],"predecessor-version":[{"id":5401,"href":"https:\/\/revistatrend.com\/index.php\/wp-json\/wp\/v2\/posts\/5399\/revisions\/5401"}],"wp:featuredmedia":[{"embeddable":true,"href":"https:\/\/revistatrend.com\/index.php\/wp-json\/wp\/v2\/media\/5400"}],"wp:attachment":[{"href":"https:\/\/revistatrend.com\/index.php\/wp-json\/wp\/v2\/media?parent=5399"}],"wp:term":[{"taxonomy":"category","embeddable":true,"href":"https:\/\/revistatrend.com\/index.php\/wp-json\/wp\/v2\/categories?post=5399"},{"taxonomy":"post_tag","embeddable":true,"href":"https:\/\/revistatrend.com\/index.php\/wp-json\/wp\/v2\/tags?post=5399"}],"curies":[{"name":"wp","href":"https:\/\/api.w.org\/{rel}","templated":true}]}}