{"id":5505,"date":"2024-03-29T15:47:46","date_gmt":"2024-03-29T15:47:46","guid":{"rendered":"https:\/\/revistatrend.com\/?p=5505"},"modified":"2024-03-29T15:47:46","modified_gmt":"2024-03-29T15:47:46","slug":"kengetari-i-njohur-peson-atak-kardiak","status":"publish","type":"post","link":"https:\/\/revistatrend.com\/index.php\/2024\/03\/29\/kengetari-i-njohur-peson-atak-kardiak\/","title":{"rendered":"K\u00ebng\u00ebtari i njohur p\u00ebson atak kardiak!"},"content":{"rendered":"<p>K\u00ebng\u00ebtari 56-vje\u00e7ar, Dimitris Kokotas ndodhet n\u00eb gjendje kritike q\u00eb prej pasdites s\u00eb djeshme n\u00eb repartin e zemr\u00ebs n\u00eb spitalin Gennimatas. Artisti, djali i t\u00eb ndjerit Stamatis Kokotas ka p\u00ebsuar nj\u00eb atak n\u00eb zem\u00ebr gjat\u00eb xhirimeve televizive t\u00eb emisionit J2US.<\/p>\n<p>Sipas raportimeve, ai \u00ebsht\u00eb ndjer\u00eb keq dhe ka njoftuar koleg\u00ebt e tij gjat\u00eb xhirimeve. Situata u p\u00ebrkeq\u00ebsua me shpejt\u00ebsi dhe ishte shum\u00eb e r\u00ebnd\u00eb. Mediat greke raportojn\u00eb se ai ka p\u00ebsuar infarkt dhe arrest kardiak, por \u00ebsht\u00eb ringjallur. Pranimi i tij n\u00eb repartin e zemr\u00ebs ishte i domosdosh\u00ebm, ku mjek\u00ebt deklaruan se \u00ebsht\u00eb nj\u00eb rast shum\u00eb i r\u00ebnd\u00eb dhe me prognoz\u00eb t\u00eb pasigurt.<\/p>\n<p>24 or\u00ebt e ardhshme do t\u00eb jen\u00eb vendimtare p\u00ebr k\u00ebng\u00ebtarin, kan\u00eb deklaruar mjek\u00ebt p\u00ebr protothema.gr, duke theksuar gjendjen shum\u00eb kritike n\u00eb t\u00eb cil\u00ebn ndodhet 56-vje\u00e7ari.<\/p>\n","protected":false},"excerpt":{"rendered":"<p>K\u00ebng\u00ebtari 56-vje\u00e7ar, Dimitris Kokotas ndodhet n\u00eb gjendje kritike q\u00eb prej pasdites s\u00eb djeshme n\u00eb repartin e zemr\u00ebs n\u00eb spitalin Gennimatas. Artisti, djali i t\u00eb ndjerit Stamatis Kokotas ka p\u00ebsuar nj\u00eb atak n\u00eb zem\u00ebr gjat\u00eb xhirimeve televizive t\u00eb emisionit J2US. Sipas raportimeve, ai \u00ebsht\u00eb ndjer\u00eb keq dhe ka njoftuar koleg\u00ebt e tij gjat\u00eb xhirimeve. Situata u<\/p>\n","protected":false},"author":1,"featured_media":5508,"comment_status":"open","ping_status":"open","sticky":false,"template":"","format":"standard","meta":{"footnotes":""},"categories":[10],"tags":[],"class_list":{"0":"post-5505","1":"post","2":"type-post","3":"status-publish","4":"format-standard","5":"has-post-thumbnail","7":"category-showbiz"},"_links":{"self":[{"href":"https:\/\/revistatrend.com\/index.php\/wp-json\/wp\/v2\/posts\/5505","targetHints":{"allow":["GET"]}}],"collection":[{"href":"https:\/\/revistatrend.com\/index.php\/wp-json\/wp\/v2\/posts"}],"about":[{"href":"https:\/\/revistatrend.com\/index.php\/wp-json\/wp\/v2\/types\/post"}],"author":[{"embeddable":true,"href":"https:\/\/revistatrend.com\/index.php\/wp-json\/wp\/v2\/users\/1"}],"replies":[{"embeddable":true,"href":"https:\/\/revistatrend.com\/index.php\/wp-json\/wp\/v2\/comments?post=5505"}],"version-history":[{"count":1,"href":"https:\/\/revistatrend.com\/index.php\/wp-json\/wp\/v2\/posts\/5505\/revisions"}],"predecessor-version":[{"id":5512,"href":"https:\/\/revistatrend.com\/index.php\/wp-json\/wp\/v2\/posts\/5505\/revisions\/5512"}],"wp:featuredmedia":[{"embeddable":true,"href":"https:\/\/revistatrend.com\/index.php\/wp-json\/wp\/v2\/media\/5508"}],"wp:attachment":[{"href":"https:\/\/revistatrend.com\/index.php\/wp-json\/wp\/v2\/media?parent=5505"}],"wp:term":[{"taxonomy":"category","embeddable":true,"href":"https:\/\/revistatrend.com\/index.php\/wp-json\/wp\/v2\/categories?post=5505"},{"taxonomy":"post_tag","embeddable":true,"href":"https:\/\/revistatrend.com\/index.php\/wp-json\/wp\/v2\/tags?post=5505"}],"curies":[{"name":"wp","href":"https:\/\/api.w.org\/{rel}","templated":true}]}}