{"id":5770,"date":"2024-04-01T15:58:28","date_gmt":"2024-04-01T15:58:28","guid":{"rendered":"https:\/\/revistatrend.com\/?p=5770"},"modified":"2024-04-01T15:58:28","modified_gmt":"2024-04-01T15:58:28","slug":"trend-excellence-lazdrohu-nferme","status":"publish","type":"post","link":"https:\/\/revistatrend.com\/index.php\/2024\/04\/01\/trend-excellence-lazdrohu-nferme\/","title":{"rendered":"TREND\u00a0 EXCELLENCE\u00a0 \u2013 \u201cLAZDROHU N&#8217;FERME&#8221;\u00a0"},"content":{"rendered":"<p><main id=\"content\" class=\"site-main post-2541 page type-page status-publish hentry\"><\/p>\n<div class=\"page-content\">\n<div class=\"bt_bb_wrapper\">\n<section id=\"bt_bb_section660ad7a98d717\" class=\"bt_bb_section bt_bb_layout_boxed_1200 bt_bb_vertical_align_top bt_bb_background_overlay_accent_solid\" data-bt-override-class=\"null\">\n<div class=\"bt_bb_port\">\n<div class=\"bt_bb_cell\">\n<div class=\"bt_bb_cell_inner\">\n<div class=\"bt_bb_row_wrapper\">\n<div class=\"bt_bb_row\" data-bt-override-class=\"{}\" data-structure=\"12\">\n<div class=\"bt_bb_column col-xxl-12 col-xl-12 col-xs-12 col-sm-12 col-md-12 col-lg-12 bt_bb_vertical_align_top bt_bb_align_left bt_bb_padding_normal\" data-width=\"12\" data-bt-override-class=\"{}\">\n<div class=\"bt_bb_column_content\">\n<div class=\"bt_bb_column_content_inner\">\n<header class=\"bt_bb_headline bt_bb_dash_none bt_bb_size_medium bt_bb_align_left\" data-bt-override-class=\"{&quot;bt_bb_size_&quot;:{&quot;current_class&quot;:&quot;bt_bb_size_medium&quot;,&quot;xxl&quot;:&quot;medium&quot;,&quot;xl&quot;:&quot;medium&quot;},&quot;bt_bb_align_&quot;:{&quot;current_class&quot;:&quot;bt_bb_align_left&quot;,&quot;xxl&quot;:&quot;left&quot;,&quot;xl&quot;:&quot;left&quot;}}\">\n<section id=\"bt_bb_section660ad7e840b52\" class=\"bt_bb_section bt_bb_color_scheme_1 bt_bb_layout_boxed_1200 bt_bb_vertical_align_top bt_bb_background_overlay_alternate_solid bt_bb_top_spacing_large bt_bb_bottom_spacing_large\" data-bt-override-class=\"null\">\n<div class=\"bt_bb_port\">\n<div class=\"bt_bb_cell\">\n<div class=\"bt_bb_cell_inner\">\n<div class=\"bt_bb_row_wrapper\">\n<div class=\"bt_bb_row\" data-bt-override-class=\"{}\" data-structure=\"12\">\n<div class=\"bt_bb_column col-xxl-12 col-xl-12 col-xs-12 col-sm-12 col-md-12 col-lg-12 bt_bb_vertical_align_top bt_bb_padding_normal bt_bb_animation_fade_in animate bt_bb_align_left animated\" data-width=\"12\" data-bt-override-class=\"{&quot;bt_bb_align_&quot;:{&quot;current_class&quot;:&quot;bt_bb_align_left&quot;,&quot;xxl&quot;:&quot;left&quot;,&quot;xl&quot;:&quot;left&quot;}}\">\n<div class=\"bt_bb_column_content\">\n<div class=\"bt_bb_column_content_inner\">\n<header class=\"bt_bb_headline bt_bb_dash_none bt_bb_size_huge bt_bb_align_left\" data-bt-override-class=\"{&quot;bt_bb_size_&quot;:{&quot;current_class&quot;:&quot;bt_bb_size_huge&quot;,&quot;xxl&quot;:&quot;huge&quot;,&quot;xl&quot;:&quot;huge&quot;},&quot;bt_bb_align_&quot;:{&quot;current_class&quot;:&quot;bt_bb_align_left&quot;,&quot;xxl&quot;:&quot;left&quot;,&quot;xl&quot;:&quot;left&quot;}}\"><\/header>\n<header class=\"bt_bb_headline bt_bb_dash_none bt_bb_size_large bt_bb_align_left\" data-bt-override-class=\"{&quot;bt_bb_size_&quot;:{&quot;current_class&quot;:&quot;bt_bb_size_large&quot;,&quot;xxl&quot;:&quot;large&quot;,&quot;xl&quot;:&quot;large&quot;},&quot;bt_bb_align_&quot;:{&quot;current_class&quot;:&quot;bt_bb_align_left&quot;,&quot;xxl&quot;:&quot;left&quot;,&quot;xl&quot;:&quot;left&quot;}}\">\n<h2><strong>TREND\u00a0 EXCELLENCE\u00a0 \u2013 \u201cLAZDROHU N&#8217;FERME&#8221;\u00a0<\/strong><\/h2>\n<h4><strong>Perzgjedhur ne kategorine e \u201cBUSINESS CREATIVE&#8221;\u00a0 ne \u201cAwards Business Trend Kosova 2024\u201d<\/strong><\/h4>\n<p><strong>\u201cAwards Business Trend Kosova 2024\u201d<\/strong>\u00a0\u00ebsht\u00eb evenimenti i vler\u00ebsimit t\u00eb bizneseve\u00a0 dhe subjekteve m\u00eb t\u00eb p\u00eblqyera n\u00eb Kosov\u00eb dhe jashte saj\u00a0 p\u00ebr sezonin 2023 \u2013 2024. Evenimenti po realizohet p\u00ebr her\u00eb t\u00eb par\u00eb n\u00eb Kosov\u00eb dhe p\u00ebr her\u00eb t\u00eb 7-t\u00eb n\u00eb Shqip\u00ebri. Pas fushat\u00ebs disa mujore t\u00eb sondazheve t\u00eb realizuara n\u00eb 3 rryma t\u00eb ndryshme, tashm\u00eb ambasador\u00ebt q\u00eb p\u00ebrfaq\u00ebsojn\u00eb ngjarjen m\u00eb t\u00eb madhe t\u00eb biznesit n\u00eb Kosov\u00eb, kan\u00eb dh\u00ebn\u00eb mendimet e tyre p\u00ebr bizneset dhe personazhet m\u00eb t\u00eb p\u00eblqyera p\u00ebr sezonin 2023 \u2013 2024. Juria profesionale e p\u00ebrb\u00ebr\u00eb nga \u201cTrend Ambassador\u201d n\u00eb emrat e shquar: Albina Kelmendi \u2013 Labinot Krasniqi, Teuta Krasniqi \u2013 Sellma Kasumoviq \u2013 Agnesa Vuthaj \u2013 Ilir Geci \u2013 Blerona Zeqiri \u2013 Arian Zeka \u2013 Shemsije Dermaku \u2013 Bedri Kasumi &amp; Kushtrim Ajvazi \u2013 Lena Krasniqi \u2013 Arian Idrizaj \u2013 Alban Zogjani \u2013 Agim Shanini. Ekipi Trend Ambassador 2024 shpreh vler\u00ebsimet maksimale p\u00ebr subjektet e perzgjedhura ne maratonen e publikimeve te tyre\u00a0 \u201d. Kliko:\u00a0<a href=\"https:\/\/www.youtube.com\/watch?v=V50sf73LUk8&amp;t=3s\">https:\/\/www.youtube.com\/watch?v=V50sf73LUk8&amp;t=3s<\/a><\/p>\n<h3 class=\"bt_bb_headline_tag\"><span style=\"font-size: 25.844px; color: var(--c-headings); font-weight: var(--title-fw-bold);\">Lazdrohu n&#8217;Ferme\u00a0<\/span><\/h3>\n<\/header>\n<\/div>\n<\/div>\n<\/div>\n<\/div>\n<\/div>\n<\/div>\n<\/div>\n<\/div>\n<\/section>\n<section id=\"bt_bb_section660ad7e84115e\" class=\"bt_bb_section bt_bb_layout_boxed_1200 bt_bb_vertical_align_top\" data-bt-override-class=\"null\">\n<div class=\"bt_bb_port\">\n<div class=\"bt_bb_cell\">\n<div class=\"bt_bb_cell_inner\">\n<div class=\"bt_bb_row_wrapper\">\n<div class=\"bt_bb_row\" data-bt-override-class=\"{}\" data-structure=\"12\">\n<div class=\"bt_bb_column col-xxl-12 col-xl-12 col-xs-12 col-sm-12 col-md-12 col-lg-12 bt_bb_vertical_align_top bt_bb_align_left bt_bb_padding_normal\" data-width=\"12\" data-bt-override-class=\"{}\">\n<div class=\"bt_bb_column_content\">\n<div class=\"bt_bb_column_content_inner\">\n<div class=\"bt_bb_separator_v2 bt_bb_border_style_none bt_bb_top_spacing_normal bt_bb_bottom_spacing_normal bt_bb_icon_size_normal bt_bb_text_size_normal bt_bb_separator_v2_without_content bt_bb_hidden_xs bt_bb_hidden_ms\" data-bt-override-class=\"null\">\n<div class=\"bt_bb_separator_v2_inner\"><span style=\"font-size: 25.844px; color: var(--c-headings); font-weight: var(--title-fw-bold);\">Jemi Qendra e par\u00eb Sportive &amp; Rekreative p\u00ebr F\u00ebmij\u00eb me zhvillim t\u00eb dob\u00ebt motorik dhe ADHD ne Kosove.<\/span><\/div>\n<\/div>\n<div class=\"bt_bb_separator_v2 bt_bb_border_style_none bt_bb_top_spacing_small bt_bb_bottom_spacing_small bt_bb_icon_size_normal bt_bb_text_size_normal bt_bb_separator_v2_without_content\" data-bt-override-class=\"null\">\n<div class=\"bt_bb_separator_v2_inner\"><\/div>\n<\/div>\n<header class=\"bt_bb_headline bt_bb_font_weight_thin bt_bb_color_scheme_1 bt_bb_dash_none bt_bb_size_small bt_bb_align_left\" data-bt-override-class=\"{&quot;bt_bb_size_&quot;:{&quot;current_class&quot;:&quot;bt_bb_size_small&quot;,&quot;xxl&quot;:&quot;small&quot;,&quot;xl&quot;:&quot;small&quot;},&quot;bt_bb_align_&quot;:{&quot;current_class&quot;:&quot;bt_bb_align_left&quot;,&quot;xxl&quot;:&quot;left&quot;,&quot;xl&quot;:&quot;left&quot;}}\">\n<h4 class=\"bt_bb_headline_tag\"><span class=\"bt_bb_headline_content\">Qendra jon\u00eb \u00ebsht\u00eb e hapur dhe p\u00ebr f\u00ebmij\u00ebt me zhvillim t\u00eb dob\u00ebt motorik dhe f\u00ebmij\u00ebt e diagnostifikuar me ADHD (Attention Deficit Hyperactivity Disorder).<\/p>\n<p>N\u00eb Lazdrohu ne kemi krijuar nj\u00eb mjedis adekuat p\u00ebr t\u00eb ushtruar aktivitete fizike p\u00ebr t\u00eb gjith\u00eb f\u00ebmij\u00ebt dhe t\u00eb trajtohen t\u00eb barabart\u00eb.<\/p>\n<p>N\u00eb Lazdrohu ne kemi krijuar nj\u00eb mjedis adekuat p\u00ebr t\u00eb ushtruar aktivitete fizike p\u00ebr t\u00eb gjith\u00eb f\u00ebmij\u00ebt dhe t\u00eb trajtohen t\u00eb barabart\u00eb.<br \/>\n<\/span><\/h4>\n<p><img fetchpriority=\"high\" decoding=\"async\" class=\"alignnone size-full wp-image-5771\" src=\"https:\/\/revistatrend.com\/wp-content\/uploads\/2024\/04\/432418961_889051763227653_1332253932154012072_n.jpg\" alt=\"\" width=\"1080\" height=\"1080\" srcset=\"https:\/\/revistatrend.com\/wp-content\/uploads\/2024\/04\/432418961_889051763227653_1332253932154012072_n.jpg 1080w, https:\/\/revistatrend.com\/wp-content\/uploads\/2024\/04\/432418961_889051763227653_1332253932154012072_n-300x300.jpg 300w, https:\/\/revistatrend.com\/wp-content\/uploads\/2024\/04\/432418961_889051763227653_1332253932154012072_n-1024x1024.jpg 1024w, https:\/\/revistatrend.com\/wp-content\/uploads\/2024\/04\/432418961_889051763227653_1332253932154012072_n-150x150.jpg 150w, https:\/\/revistatrend.com\/wp-content\/uploads\/2024\/04\/432418961_889051763227653_1332253932154012072_n-768x768.jpg 768w, https:\/\/revistatrend.com\/wp-content\/uploads\/2024\/04\/432418961_889051763227653_1332253932154012072_n-450x450.jpg 450w\" sizes=\"(max-width: 1080px) 100vw, 1080px\" \/><\/p>\n<\/header>\n<div class=\"bt_bb_separator_v2 bt_bb_border_style_none bt_bb_top_spacing_small bt_bb_bottom_spacing_small bt_bb_icon_size_normal bt_bb_text_size_normal bt_bb_separator_v2_without_content\" data-bt-override-class=\"null\">\n<div class=\"bt_bb_separator_v2_inner\"><span style=\"font-size: 25.844px; color: var(--c-headings); font-weight: var(--title-fw-bold);\">Lazdrohu Sport Kids<\/span><\/div>\n<\/div>\n<div class=\"bt_bb_separator_v2 bt_bb_border_style_none bt_bb_top_spacing_small bt_bb_bottom_spacing_small bt_bb_icon_size_normal bt_bb_text_size_normal bt_bb_separator_v2_without_content\" data-bt-override-class=\"null\">\n<div class=\"bt_bb_separator_v2_inner\"><span style=\"font-size: 16.94px; color: var(--c-headings); font-weight: var(--title-fw-bold);\">Qendra Sportive dhe Rekreative p\u00ebr F\u00ebmij\u00eb &#8220;Lazdrohu&#8221; p\u00ebrfshin\u00eb nj\u00eb gam\u00eb t\u00eb gjer\u00eb t\u00eb aktiviteteve fizike sportive, ku programet tona jan\u00eb t\u00eb p\u00ebrgaditura posaqerisht n\u00eb zhvillimin e aft\u00ebsive motorike (koordinim, fleksibilitet, balanc\u00eb, forc\u00eb t\u00eb p\u00ebrgjithshme, k\u00ebrcim, etj.), n\u00eb zhvillimin e karakterit t\u00eb femijeve, n\u00eb socializimin si dhe arg\u00ebtimin e tyre.<\/span><\/div>\n<\/div>\n<header class=\"bt_bb_headline bt_bb_font_weight_thin bt_bb_color_scheme_1 bt_bb_dash_none bt_bb_size_small bt_bb_align_left\" data-bt-override-class=\"{&quot;bt_bb_size_&quot;:{&quot;current_class&quot;:&quot;bt_bb_size_small&quot;,&quot;xxl&quot;:&quot;small&quot;,&quot;xl&quot;:&quot;small&quot;},&quot;bt_bb_align_&quot;:{&quot;current_class&quot;:&quot;bt_bb_align_left&quot;,&quot;xxl&quot;:&quot;left&quot;,&quot;xl&quot;:&quot;left&quot;}}\">\n<h4 class=\"bt_bb_headline_tag\"><span class=\"bt_bb_headline_content\">Qendra jon\u00eb \u00ebsht\u00eb e hapur dhe p\u00ebr f\u00ebmij\u00ebt me zhvillim t\u00eb dob\u00ebt motorik dhe f\u00ebmij\u00ebt e diagnostifikuar me ADHD (Attention Deficit Hyperactivity Disorder).<\/p>\n<p>N\u00eb Lazdrohu ne kemi krijuar nj\u00eb mjedis adekuat p\u00ebr t\u00eb ushtruar aktivitete fizike p\u00ebr t\u00eb gjith\u00eb f\u00ebmij\u00ebt dhe t\u00eb trajtohen t\u00eb barabart\u00eb.<br \/>\n<\/span><\/h4>\n<p><img decoding=\"async\" class=\"alignnone size-full wp-image-5772\" src=\"https:\/\/revistatrend.com\/wp-content\/uploads\/2024\/04\/422341762_854302426702587_3420544937574062714_n.jpg\" alt=\"\" width=\"1640\" height=\"924\" srcset=\"https:\/\/revistatrend.com\/wp-content\/uploads\/2024\/04\/422341762_854302426702587_3420544937574062714_n.jpg 1640w, https:\/\/revistatrend.com\/wp-content\/uploads\/2024\/04\/422341762_854302426702587_3420544937574062714_n-300x169.jpg 300w, https:\/\/revistatrend.com\/wp-content\/uploads\/2024\/04\/422341762_854302426702587_3420544937574062714_n-1024x577.jpg 1024w, https:\/\/revistatrend.com\/wp-content\/uploads\/2024\/04\/422341762_854302426702587_3420544937574062714_n-768x433.jpg 768w, https:\/\/revistatrend.com\/wp-content\/uploads\/2024\/04\/422341762_854302426702587_3420544937574062714_n-1536x865.jpg 1536w, https:\/\/revistatrend.com\/wp-content\/uploads\/2024\/04\/422341762_854302426702587_3420544937574062714_n-150x85.jpg 150w, https:\/\/revistatrend.com\/wp-content\/uploads\/2024\/04\/422341762_854302426702587_3420544937574062714_n-450x254.jpg 450w, https:\/\/revistatrend.com\/wp-content\/uploads\/2024\/04\/422341762_854302426702587_3420544937574062714_n-1200x676.jpg 1200w\" sizes=\"(max-width: 1640px) 100vw, 1640px\" \/><\/p>\n<\/header>\n<div class=\"bt_bb_separator_v2 bt_bb_border_style_none bt_bb_top_spacing_normal bt_bb_bottom_spacing_normal bt_bb_icon_size_normal bt_bb_text_size_normal bt_bb_separator_v2_without_content\" data-bt-override-class=\"null\">\n<div class=\"bt_bb_separator_v2_inner\"><span style=\"font-size: 25.844px; color: var(--c-headings); font-weight: var(--title-fw-bold);\">Lazdrohu Hiking Kids<\/span><\/div>\n<\/div>\n<div class=\"bt_bb_separator_v2 bt_bb_border_style_none bt_bb_top_spacing_small bt_bb_bottom_spacing_small bt_bb_icon_size_normal bt_bb_text_size_normal bt_bb_separator_v2_without_content\" data-bt-override-class=\"null\">\n<div class=\"bt_bb_separator_v2_inner\"><span style=\"font-size: 16.94px; color: var(--c-headings); font-weight: var(--title-fw-bold);\">Lazdrohu Hiking Kids \u00ebsht\u00eb n\u00eb kuad\u00ebr t\u00eb \u201cLazdrohu\u201d, me fokus t\u00eb ve\u00e7ant\u00eb n\u00eb natyr\u00eb, kamping, eksplorim, kajak, loj\u00ebra dhe aktivitete t\u00eb tjera t\u00eb ndryshme n\u00eb natyr\u00eb.<\/span><\/div>\n<\/div>\n<header class=\"bt_bb_headline bt_bb_font_weight_thin bt_bb_color_scheme_1 bt_bb_dash_none bt_bb_size_small bt_bb_align_left\" data-bt-override-class=\"{&quot;bt_bb_size_&quot;:{&quot;current_class&quot;:&quot;bt_bb_size_small&quot;,&quot;xxl&quot;:&quot;small&quot;,&quot;xl&quot;:&quot;small&quot;},&quot;bt_bb_align_&quot;:{&quot;current_class&quot;:&quot;bt_bb_align_left&quot;,&quot;xxl&quot;:&quot;left&quot;,&quot;xl&quot;:&quot;left&quot;}}\">\n<h4 class=\"bt_bb_headline_tag\"><span class=\"bt_bb_headline_content\"><br \/>\nQ\u00ebllimi jon\u00eb \u00ebsht\u00eb jo vet\u00ebm q\u00eb t\u00eb ndikojm\u00eb n\u00eb zhvillimin e p\u00ebrgjithsh\u00ebm t\u00eb f\u00ebmij\u00ebve, por edhe t\u00eb promovojm\u00eb vendet e bukura t\u00eb Kosov\u00ebs tek f\u00ebmij\u00ebt dhe ti edukojm\u00eb ata se si ta duan dhe ta ruajn\u00eb natyr\u00ebn.<\/p>\n<p>Ecja dhe aktivitetet n\u00eb natyr\u00eb jan\u00eb nj\u00eb form\u00eb e mir\u00eb p\u00ebr t\u2019i b\u00ebr\u00eb f\u00ebmij\u00ebt t\u00eb p\u00ebrjetojn\u00eb jo vet\u00ebm bot\u00ebn e eg\u00ebr, por edhe vet\u00ebn e tyre.<\/span><\/h4>\n<\/header>\n<div class=\"bt_bb_separator_v2 bt_bb_border_style_none bt_bb_top_spacing_normal bt_bb_bottom_spacing_normal bt_bb_icon_size_normal bt_bb_text_size_normal bt_bb_separator_v2_without_content\" data-bt-override-class=\"null\">\n<div class=\"bt_bb_separator_v2_inner\"><\/div>\n<\/div>\n<header class=\"bt_bb_headline bt_bb_dash_none bt_bb_size_medium bt_bb_align_left\" data-bt-override-class=\"{&quot;bt_bb_size_&quot;:{&quot;current_class&quot;:&quot;bt_bb_size_medium&quot;,&quot;xxl&quot;:&quot;medium&quot;,&quot;xl&quot;:&quot;medium&quot;},&quot;bt_bb_align_&quot;:{&quot;current_class&quot;:&quot;bt_bb_align_left&quot;,&quot;xxl&quot;:&quot;left&quot;,&quot;xl&quot;:&quot;left&quot;}}\">\n<h1 class=\"bt_bb_headline_tag\"><span class=\"bt_bb_headline_content\">Adresa<\/span><\/h1>\n<\/header>\n<header class=\"bt_bb_headline bt_bb_font_weight_thin bt_bb_color_scheme_1 bt_bb_dash_none bt_bb_size_small bt_bb_align_left\" data-bt-override-class=\"{&quot;bt_bb_size_&quot;:{&quot;current_class&quot;:&quot;bt_bb_size_small&quot;,&quot;xxl&quot;:&quot;small&quot;,&quot;xl&quot;:&quot;small&quot;},&quot;bt_bb_align_&quot;:{&quot;current_class&quot;:&quot;bt_bb_align_left&quot;,&quot;xxl&quot;:&quot;left&quot;,&quot;xl&quot;:&quot;left&quot;}}\">\n<h4 class=\"bt_bb_headline_tag\"><span class=\"bt_bb_headline_content\">Rr. \u201cGazmend Zajmi\u201d, Prishtin\u00eb.<\/span><\/h4>\n<\/header>\n<div class=\"bt_bb_separator_v2 bt_bb_border_style_none bt_bb_top_spacing_normal bt_bb_bottom_spacing_normal bt_bb_icon_size_normal bt_bb_text_size_normal bt_bb_separator_v2_without_content\" data-bt-override-class=\"null\">\n<div class=\"bt_bb_separator_v2_inner\"><\/div>\n<\/div>\n<header class=\"bt_bb_headline bt_bb_dash_none bt_bb_size_medium bt_bb_align_left\" data-bt-override-class=\"{&quot;bt_bb_size_&quot;:{&quot;current_class&quot;:&quot;bt_bb_size_medium&quot;,&quot;xxl&quot;:&quot;medium&quot;,&quot;xl&quot;:&quot;medium&quot;},&quot;bt_bb_align_&quot;:{&quot;current_class&quot;:&quot;bt_bb_align_left&quot;,&quot;xxl&quot;:&quot;left&quot;,&quot;xl&quot;:&quot;left&quot;}}\">\n<h1 class=\"bt_bb_headline_tag\"><span class=\"bt_bb_headline_content\">Regjistrimi i F\u00ebmij\u00ebve<\/span><\/h1>\n<\/header>\n<header class=\"bt_bb_headline bt_bb_font_weight_thin bt_bb_color_scheme_1 bt_bb_dash_none bt_bb_size_small bt_bb_align_left\" data-bt-override-class=\"{&quot;bt_bb_size_&quot;:{&quot;current_class&quot;:&quot;bt_bb_size_small&quot;,&quot;xxl&quot;:&quot;small&quot;,&quot;xl&quot;:&quot;small&quot;},&quot;bt_bb_align_&quot;:{&quot;current_class&quot;:&quot;bt_bb_align_left&quot;,&quot;xxl&quot;:&quot;left&quot;,&quot;xl&quot;:&quot;left&quot;}}\">\n<h4 class=\"bt_bb_headline_tag\"><span class=\"bt_bb_headline_content\">Qendra jon\u00eb \u00ebsht\u00eb e hapur p\u00ebr f\u00ebmij\u00ebt nga mosha 4\u201412 vje\u00e7.<\/span><\/h4>\n<\/header>\n<\/div>\n<\/div>\n<\/div>\n<\/div>\n<\/div>\n<\/div>\n<\/div>\n<\/div>\n<\/section>\n<h3 class=\"bt_bb_headline_tag\"><span class=\"bt_bb_headline_content\">Founder<\/span><\/h3>\n<\/header>\n<header class=\"bt_bb_headline bt_bb_dash_none bt_bb_size_normal bt_bb_align_left\" data-bt-override-class=\"{&quot;bt_bb_size_&quot;:{&quot;current_class&quot;:&quot;bt_bb_size_normal&quot;,&quot;xxl&quot;:&quot;normal&quot;,&quot;xl&quot;:&quot;normal&quot;},&quot;bt_bb_align_&quot;:{&quot;current_class&quot;:&quot;bt_bb_align_left&quot;,&quot;xxl&quot;:&quot;left&quot;,&quot;xl&quot;:&quot;left&quot;}}\">\n<h3 class=\"bt_bb_headline_tag\"><span class=\"bt_bb_headline_content\">Rinor Zuka<\/span><\/h3>\n<\/header>\n<header class=\"bt_bb_headline bt_bb_font_weight_thin bt_bb_color_scheme_1 bt_bb_dash_none bt_bb_size_small bt_bb_align_left\" data-bt-override-class=\"{&quot;bt_bb_size_&quot;:{&quot;current_class&quot;:&quot;bt_bb_size_small&quot;,&quot;xxl&quot;:&quot;small&quot;,&quot;xl&quot;:&quot;small&quot;},&quot;bt_bb_align_&quot;:{&quot;current_class&quot;:&quot;bt_bb_align_left&quot;,&quot;xxl&quot;:&quot;left&quot;,&quot;xl&quot;:&quot;left&quot;}}\">\n<h3 class=\"bt_bb_headline_tag\"><span class=\"bt_bb_headline_content\">I diplomuar n\u00eb Fakultetin e Edukimit Fizik dhe Sportit n\u00eb Universitetin e Prishtin\u00ebs. Ai filloi t\u00eb luante futboll n\u00eb mosh\u00ebn 7 vjec dhe e p\u00eblqeu at\u00eb q\u00eb at\u00ebher\u00eb madje duke ndjekur nj\u00eb rrug\u00eb profesionale si futbollist. Ka qen\u00eb futbollist i dualluar p\u00ebr grupmosha.<\/span><\/h3>\n<\/header>\n<header class=\"bt_bb_headline bt_bb_font_weight_thin bt_bb_color_scheme_1 bt_bb_dash_none bt_bb_size_small bt_bb_align_left\" data-bt-override-class=\"{&quot;bt_bb_size_&quot;:{&quot;current_class&quot;:&quot;bt_bb_size_small&quot;,&quot;xxl&quot;:&quot;small&quot;,&quot;xl&quot;:&quot;small&quot;},&quot;bt_bb_align_&quot;:{&quot;current_class&quot;:&quot;bt_bb_align_left&quot;,&quot;xxl&quot;:&quot;left&quot;,&quot;xl&quot;:&quot;left&quot;}}\">\n<h3 class=\"bt_bb_headline_tag\"><span class=\"bt_bb_headline_content\">Ai i do f\u00ebmij\u00ebt dhe ka punuar me f\u00ebmij\u00ebt si vullnetar n\u00eb shum\u00eb aktivitete. F\u00ebmij\u00ebve u p\u00eblqen t\u00eb jen\u00eb pran\u00eb tij dhe atij i p\u00eblqen t\u00eb jet\u00eb pran\u00eb tyre, nd\u00ebrthurja e k\u00ebtij pasioni p\u00ebr pun\u00ebn s\u00eb bashku me dashurin\u00eb p\u00ebr sportin e b\u00ebn at\u00eb nj\u00eb trajner perfekt t\u00eb Lazdrohut.<\/span><\/h3>\n<\/header>\n<div class=\"bt_bb_separator_v2 bt_bb_border_style_none bt_bb_top_spacing_normal bt_bb_bottom_spacing_normal bt_bb_icon_size_normal bt_bb_text_size_normal bt_bb_separator_v2_without_content\" data-bt-override-class=\"null\">\n<div class=\"bt_bb_separator_v2_inner\"><span style=\"font-size: 17.99px; color: var(--c-headings); font-weight: var(--title-fw-bold);\">Founder<\/span><\/div>\n<\/div>\n<header class=\"bt_bb_headline bt_bb_dash_none bt_bb_size_normal bt_bb_align_left\" data-bt-override-class=\"{&quot;bt_bb_size_&quot;:{&quot;current_class&quot;:&quot;bt_bb_size_normal&quot;,&quot;xxl&quot;:&quot;normal&quot;,&quot;xl&quot;:&quot;normal&quot;},&quot;bt_bb_align_&quot;:{&quot;current_class&quot;:&quot;bt_bb_align_left&quot;,&quot;xxl&quot;:&quot;left&quot;,&quot;xl&quot;:&quot;left&quot;}}\">\n<h3 class=\"bt_bb_headline_tag\"><span class=\"bt_bb_headline_content\">Rita Hajdini<\/span><\/h3>\n<\/header>\n<header class=\"bt_bb_headline bt_bb_font_weight_thin bt_bb_color_scheme_1 bt_bb_dash_none bt_bb_size_small bt_bb_align_left\" data-bt-override-class=\"{&quot;bt_bb_size_&quot;:{&quot;current_class&quot;:&quot;bt_bb_size_small&quot;,&quot;xxl&quot;:&quot;small&quot;,&quot;xl&quot;:&quot;small&quot;},&quot;bt_bb_align_&quot;:{&quot;current_class&quot;:&quot;bt_bb_align_left&quot;,&quot;xxl&quot;:&quot;left&quot;,&quot;xl&quot;:&quot;left&quot;}}\">\n<h3 class=\"bt_bb_headline_tag\"><span class=\"bt_bb_headline_content\">E diplomuar n\u00eb Fakultetin e Edukimit Fizik dhe Sportit n\u00eb Universitetin e Prishtin\u00ebs. Rita ishte nj\u00eb atlete profesionale. Ajo ia kushtoi nj\u00eb pjes\u00eb t\u00eb madhe t\u00eb jet\u00ebs p\u00ebr t\u00eb qen\u00eb nj\u00eb atlete e standardeve t\u00eb larta dhe ka pas arritje t\u00eb jasht\u00ebzakonshme n\u00eb gara q\u00eb nga mosha 10 vje\u00e7are at\u00ebher\u00eb kur dhe filloi karier\u00ebn e saj si atlete. Ka garuar n\u00eb shum\u00eb Kampionate Komb\u00ebtare dhe Nd\u00ebrkomb\u00ebtare, dhe nj\u00ebher\u00ebsh i mban\u00eb tri rekorde shtet\u00ebrore dhe \u00ebsht\u00eb shpallur Atletja m\u00eb e mir\u00eb e Vitit disa her\u00eb n\u00eb Kosov\u00eb.<\/span><\/h3>\n<\/header>\n<div class=\"bt_bb_separator_v2 bt_bb_border_style_none bt_bb_top_spacing_normal bt_bb_bottom_spacing_normal bt_bb_icon_size_normal bt_bb_text_size_normal bt_bb_separator_v2_without_content\" data-bt-override-class=\"null\">\n<div class=\"bt_bb_separator_v2_inner\"><\/div>\n<\/div>\n<header class=\"bt_bb_headline bt_bb_font_weight_thin bt_bb_color_scheme_1 bt_bb_dash_none bt_bb_size_small bt_bb_align_left\" data-bt-override-class=\"{&quot;bt_bb_size_&quot;:{&quot;current_class&quot;:&quot;bt_bb_size_small&quot;,&quot;xxl&quot;:&quot;small&quot;,&quot;xl&quot;:&quot;small&quot;},&quot;bt_bb_align_&quot;:{&quot;current_class&quot;:&quot;bt_bb_align_left&quot;,&quot;xxl&quot;:&quot;left&quot;,&quot;xl&quot;:&quot;left&quot;}}\">\n<h3 class=\"bt_bb_headline_tag\"><span class=\"bt_bb_headline_content\">Ajo ka punuar me f\u00ebmij\u00eb p\u00ebr shum\u00eb vite si vullnetare n\u00eb shum\u00eb aktivitete. F\u00ebmij\u00ebve u p\u00eblqen t\u00eb jen\u00eb pran\u00eb saj dhe asaj i p\u00eblqen t\u00eb jet\u00eb pran\u00eb tyre, nd\u00ebrthurja e k\u00ebtij pasioni p\u00ebr pun\u00ebn e saj s\u00eb bashku me dashurin\u00eb p\u00ebr sportin e b\u00ebn\u00eb at\u00eb nj\u00eb trajnere adekuate t\u00eb Lazdrohu.<br \/>\n<\/span><\/h3>\n<\/header>\n<div class=\"bt_bb_separator_v2 bt_bb_border_style_none bt_bb_top_spacing_normal bt_bb_bottom_spacing_normal bt_bb_icon_size_normal bt_bb_text_size_normal bt_bb_separator_v2_without_content\" data-bt-override-class=\"null\">\n<div class=\"bt_bb_separator_v2_inner\"><\/div>\n<\/div>\n<header class=\"bt_bb_headline bt_bb_dash_none bt_bb_size_medium bt_bb_align_left\" data-bt-override-class=\"{&quot;bt_bb_size_&quot;:{&quot;current_class&quot;:&quot;bt_bb_size_medium&quot;,&quot;xxl&quot;:&quot;medium&quot;,&quot;xl&quot;:&quot;medium&quot;},&quot;bt_bb_align_&quot;:{&quot;current_class&quot;:&quot;bt_bb_align_left&quot;,&quot;xxl&quot;:&quot;left&quot;,&quot;xl&quot;:&quot;left&quot;}}\">\n<h3 class=\"bt_bb_headline_tag\"><span class=\"bt_bb_headline_content\">Project Coordinator<\/span><\/h3>\n<\/header>\n<header class=\"bt_bb_headline bt_bb_dash_none bt_bb_size_large bt_bb_align_left\" data-bt-override-class=\"{&quot;bt_bb_size_&quot;:{&quot;current_class&quot;:&quot;bt_bb_size_large&quot;,&quot;xxl&quot;:&quot;large&quot;,&quot;xl&quot;:&quot;large&quot;},&quot;bt_bb_align_&quot;:{&quot;current_class&quot;:&quot;bt_bb_align_left&quot;,&quot;xxl&quot;:&quot;left&quot;,&quot;xl&quot;:&quot;left&quot;}}\">\n<h3 class=\"bt_bb_headline_tag\"><span class=\"bt_bb_headline_content\">Doruntin\u00eb Shala<\/span><\/h3>\n<\/header>\n<header class=\"bt_bb_headline bt_bb_font_weight_thin bt_bb_color_scheme_1 bt_bb_dash_none bt_bb_size_small bt_bb_align_left\" data-bt-override-class=\"{&quot;bt_bb_size_&quot;:{&quot;current_class&quot;:&quot;bt_bb_size_small&quot;,&quot;xxl&quot;:&quot;small&quot;,&quot;xl&quot;:&quot;small&quot;},&quot;bt_bb_align_&quot;:{&quot;current_class&quot;:&quot;bt_bb_align_left&quot;,&quot;xxl&quot;:&quot;left&quot;,&quot;xl&quot;:&quot;left&quot;}}\">\n<h3 class=\"bt_bb_headline_tag\"><span class=\"bt_bb_headline_content\">E diplomuar n\u00eb Fakultetin Ekonomik, departamenti Menaxhment dhe Informatik\u00eb n\u00eb Universitetin e Prishtin\u00ebs. Aktualisht \u00ebsht\u00eb studente n\u00eb nivelin Master n\u00eb po t\u00eb njejtin drejtim. P\u00ebrvoja e saj profesionale gjat\u00eb studimeve n\u00eb shkrimin e projekteve dhe raporteve t\u00eb ndryshme, si dhe vullneti i saj p\u00ebr pun\u00ebn b\u00ebn\u00eb q\u00eb ajo t\u00eb jet\u00eb Kordinatore e Qendr\u00ebs Sportive dhe Rekreative p\u00ebr f\u00ebmij\u00eb \u201cLazdrohu\u201d. Dashuria e saj p\u00ebr f\u00ebmij\u00ebt dhe raporti i af\u00ebrt me ta e b\u00ebjn\u00eb at\u00eb q\u00eb t\u00eb jet\u00eb ende m\u00eb kreative n\u00eb shkrimin e projekteve dhe nj\u00ebher\u00ebsh hulumtimin p\u00ebr gjetjen e projekteve t\u00eb reja t\u00eb Qendr\u00ebs.<br \/>\n<\/span><\/h3>\n<\/header>\n<div class=\"bt_bb_separator_v2 bt_bb_border_style_none bt_bb_top_spacing_normal bt_bb_bottom_spacing_large bt_bb_icon_size_normal bt_bb_text_size_normal bt_bb_separator_v2_without_content bt_bb_hidden_xs bt_bb_hidden_ms\" data-bt-override-class=\"null\">\n<div class=\"bt_bb_separator_v2_inner\"><\/div>\n<\/div>\n<\/div>\n<\/div>\n<\/div>\n<\/div>\n<\/div>\n<\/div>\n<\/div>\n<\/div>\n<\/section>\n<\/div>\n<div class=\"post-tags\"><\/div>\n<\/div>\n<p><\/main>&nbsp;<\/p>\n","protected":false},"excerpt":{"rendered":"<p>TREND\u00a0 EXCELLENCE\u00a0 \u2013 \u201cLAZDROHU N&#8217;FERME&#8221;\u00a0 Perzgjedhur ne kategorine e \u201cBUSINESS CREATIVE&#8221;\u00a0 ne \u201cAwards Business Trend Kosova 2024\u201d \u201cAwards Business Trend Kosova 2024\u201d\u00a0\u00ebsht\u00eb evenimenti i vler\u00ebsimit t\u00eb bizneseve\u00a0 dhe subjekteve m\u00eb t\u00eb p\u00eblqyera n\u00eb Kosov\u00eb dhe jashte saj\u00a0 p\u00ebr sezonin 2023 \u2013 2024. Evenimenti po realizohet p\u00ebr her\u00eb t\u00eb par\u00eb n\u00eb Kosov\u00eb dhe p\u00ebr her\u00eb t\u00eb<\/p>\n","protected":false},"author":1,"featured_media":5773,"comment_status":"open","ping_status":"open","sticky":false,"template":"","format":"standard","meta":{"footnotes":""},"categories":[125,32],"tags":[],"class_list":{"0":"post-5770","1":"post","2":"type-post","3":"status-publish","4":"format-standard","5":"has-post-thumbnail","7":"category-awards-kosova","8":"category-trend-business"},"_links":{"self":[{"href":"https:\/\/revistatrend.com\/index.php\/wp-json\/wp\/v2\/posts\/5770","targetHints":{"allow":["GET"]}}],"collection":[{"href":"https:\/\/revistatrend.com\/index.php\/wp-json\/wp\/v2\/posts"}],"about":[{"href":"https:\/\/revistatrend.com\/index.php\/wp-json\/wp\/v2\/types\/post"}],"author":[{"embeddable":true,"href":"https:\/\/revistatrend.com\/index.php\/wp-json\/wp\/v2\/users\/1"}],"replies":[{"embeddable":true,"href":"https:\/\/revistatrend.com\/index.php\/wp-json\/wp\/v2\/comments?post=5770"}],"version-history":[{"count":1,"href":"https:\/\/revistatrend.com\/index.php\/wp-json\/wp\/v2\/posts\/5770\/revisions"}],"predecessor-version":[{"id":5774,"href":"https:\/\/revistatrend.com\/index.php\/wp-json\/wp\/v2\/posts\/5770\/revisions\/5774"}],"wp:featuredmedia":[{"embeddable":true,"href":"https:\/\/revistatrend.com\/index.php\/wp-json\/wp\/v2\/media\/5773"}],"wp:attachment":[{"href":"https:\/\/revistatrend.com\/index.php\/wp-json\/wp\/v2\/media?parent=5770"}],"wp:term":[{"taxonomy":"category","embeddable":true,"href":"https:\/\/revistatrend.com\/index.php\/wp-json\/wp\/v2\/categories?post=5770"},{"taxonomy":"post_tag","embeddable":true,"href":"https:\/\/revistatrend.com\/index.php\/wp-json\/wp\/v2\/tags?post=5770"}],"curies":[{"name":"wp","href":"https:\/\/api.w.org\/{rel}","templated":true}]}}