{"id":5811,"date":"2024-04-01T23:20:17","date_gmt":"2024-04-01T23:20:17","guid":{"rendered":"https:\/\/revistatrend.com\/?p=5811"},"modified":"2024-04-01T23:20:17","modified_gmt":"2024-04-01T23:20:17","slug":"trend-excellence-fanola-kosove","status":"publish","type":"post","link":"https:\/\/revistatrend.com\/index.php\/2024\/04\/01\/trend-excellence-fanola-kosove\/","title":{"rendered":"TREND\u00a0 EXCELLENCE\u00a0 \u2013 \u201cFANOLA KOSOVE&#8221;\u00a0"},"content":{"rendered":"<h2><strong>TREND\u00a0 EXCELLENCE\u00a0 \u2013 \u201cFANOLA KOSOVE&#8221;\u00a0<\/strong><\/h2>\n<h4><strong>Perzgjedhur ne kategorine e \u201cHEALTH &amp; BEAUTY\u201d ne \u201cAwards Business Trend Kosova 2024\u201d<\/strong><\/h4>\n<p><strong>\u201cAwards Business Trend Kosova 2024\u201d<\/strong>\u00a0\u00ebsht\u00eb evenimenti i vler\u00ebsimit t\u00eb bizneseve\u00a0 dhe subjekteve m\u00eb t\u00eb p\u00eblqyera n\u00eb Kosov\u00eb dhe jashte saj\u00a0 p\u00ebr sezonin 2023 \u2013 2024. Evenimenti po realizohet p\u00ebr her\u00eb t\u00eb par\u00eb n\u00eb Kosov\u00eb dhe p\u00ebr her\u00eb t\u00eb 7-t\u00eb n\u00eb Shqip\u00ebri. Pas fushat\u00ebs disa mujore t\u00eb sondazheve t\u00eb realizuara n\u00eb 3 rryma t\u00eb ndryshme, tashm\u00eb ambasador\u00ebt q\u00eb p\u00ebrfaq\u00ebsojn\u00eb ngjarjen m\u00eb t\u00eb madhe t\u00eb biznesit n\u00eb Kosov\u00eb, kan\u00eb dh\u00ebn\u00eb mendimet e tyre p\u00ebr bizneset dhe personazhet m\u00eb t\u00eb p\u00eblqyera p\u00ebr sezonin 2023 \u2013 2024. Juria profesionale e p\u00ebrb\u00ebr\u00eb nga \u201cTrend Ambassador\u201d n\u00eb emrat e shquar: Albina Kelmendi \u2013 Labinot Krasniqi, Teuta Krasniqi \u2013 Sellma Kasumoviq \u2013 Agnesa Vuthaj \u2013 Ilir Geci \u2013 Blerona Zeqiri \u2013 Arian Zeka \u2013 Shemsije Dermaku \u2013 Bedri Kasumi &amp; Kushtrim Ajvazi \u2013 Lena Krasniqi \u2013 Arian Idrizaj \u2013 Alban Zogjani \u2013 Agim Shanini. Ekipi Trend Ambassador 2024 shpreh vler\u00ebsimet maksimale p\u00ebr subjektet e perzgjedhura ne maratonen e publikimeve te tyre\u00a0 \u201d. Kliko:\u00a0<a href=\"https:\/\/www.youtube.com\/watch?v=V50sf73LUk8&amp;t=3s\">https:\/\/www.youtube.com\/watch?v=V50sf73LUk8&amp;t=3s<\/a><\/p>\n<p><strong>FANOLA KOSOVE\u00a0<\/strong><\/p>\n<p>Fanola \u00ebsht\u00eb shum\u00eb m\u00eb tep\u00ebr se nj\u00eb mark\u00eb e thjesht\u00eb e kujdesit p\u00ebr flok\u00ebt &#8211; ajo \u00ebsht\u00eb nj\u00eb histori e pasionit dhe inovacionit n\u00eb bot\u00ebn e bukuris\u00eb. Si nj\u00eb mark\u00eb profesionale e produktit p\u00ebr kujdesin e flok\u00ebve, Fanola \u00ebsht\u00eb p\u00ebrcaktues i trendeve dhe nj\u00eb pionier n\u00eb industrin\u00eb e bukuris\u00eb.<\/p>\n<p>N\u00eb vet\u00ebm 15 vite, Fanola ka arritur t\u00eb nd\u00ebrtoj\u00eb nj\u00eb ADN unike rreth tre fjal\u00ebve ky\u00e7e: Ngjyra, Krijimtaria dhe Liria. Ngjyra \u00ebsht\u00eb thelbi i mark\u00ebs, shprehja e vitalitetit dhe gjall\u00ebris\u00eb s\u00eb flok\u00ebve. Fanola pohon kreativitetin dhe guximin e saj n\u00ebp\u00ebrmjet ngjyr\u00ebs, duke u ngritur p\u00ebrtej konceptit t\u00eb bukuris\u00eb tradicionale dhe duke krijuar tendenca t\u00eb reja p\u00ebr t\u00eb ndjekur. Si nj\u00eb mark\u00eb vendase sociale, Fanola \u00ebsht\u00eb n\u00eb nj\u00eb k\u00ebrkim t\u00eb vazhduesh\u00ebm p\u00ebr frym\u00ebzime t\u00eb reja p\u00ebr t\u00eb ndar\u00eb krijimet origjinale dhe befasuese me efekt wow.<\/p>\n<p>P\u00ebrve\u00e7 shprehjes s\u00eb nj\u00eb bukurie unike, Fanola fokusohet gjithashtu n\u00eb p\u00ebrsosm\u00ebrin\u00eb teknike dhe inovacionin e produkteve t\u00eb saj. Inovacioni teknik ju lejon t\u00eb eksperimentoni dhe t\u00eb shprehni krijimtarin\u00eb tuaj jokonvencionale, duke garantuar nj\u00eb efekt t\u00eb paimagjinuesh\u00ebm. Me Fanola, ka liri p\u00ebr t\u00eb eksperimentuar dhe zbuluar bukurin\u00eb, duke shprehur g\u00ebzimin e t\u00eb jetuarit. P\u00ebr nj\u00eb pamje t\u00eb mrekullueshme dhe nj\u00eb shfaqje t\u00eb jasht\u00ebzakonshme, zgjedhni Fanola dhe shnd\u00ebrrojeni \u00ebndrrat tuaja t\u00eb flok\u00ebve n\u00eb realitet.<\/p>\n<p>FANOLA KOSOVE nen distribucionin e SEMILAC KOSOVA<\/p>\n","protected":false},"excerpt":{"rendered":"<p>TREND\u00a0 EXCELLENCE\u00a0 \u2013 \u201cFANOLA KOSOVE&#8221;\u00a0 Perzgjedhur ne kategorine e \u201cHEALTH &amp; BEAUTY\u201d ne \u201cAwards Business Trend Kosova 2024\u201d \u201cAwards Business Trend Kosova 2024\u201d\u00a0\u00ebsht\u00eb evenimenti i vler\u00ebsimit t\u00eb bizneseve\u00a0 dhe subjekteve m\u00eb t\u00eb p\u00eblqyera n\u00eb Kosov\u00eb dhe jashte saj\u00a0 p\u00ebr sezonin 2023 \u2013 2024. Evenimenti po realizohet p\u00ebr her\u00eb t\u00eb par\u00eb n\u00eb Kosov\u00eb dhe p\u00ebr her\u00eb<\/p>\n","protected":false},"author":1,"featured_media":5812,"comment_status":"open","ping_status":"open","sticky":false,"template":"","format":"standard","meta":{"footnotes":""},"categories":[125,31],"tags":[],"class_list":{"0":"post-5811","1":"post","2":"type-post","3":"status-publish","4":"format-standard","5":"has-post-thumbnail","7":"category-awards-kosova","8":"category-health-beauty"},"_links":{"self":[{"href":"https:\/\/revistatrend.com\/index.php\/wp-json\/wp\/v2\/posts\/5811","targetHints":{"allow":["GET"]}}],"collection":[{"href":"https:\/\/revistatrend.com\/index.php\/wp-json\/wp\/v2\/posts"}],"about":[{"href":"https:\/\/revistatrend.com\/index.php\/wp-json\/wp\/v2\/types\/post"}],"author":[{"embeddable":true,"href":"https:\/\/revistatrend.com\/index.php\/wp-json\/wp\/v2\/users\/1"}],"replies":[{"embeddable":true,"href":"https:\/\/revistatrend.com\/index.php\/wp-json\/wp\/v2\/comments?post=5811"}],"version-history":[{"count":1,"href":"https:\/\/revistatrend.com\/index.php\/wp-json\/wp\/v2\/posts\/5811\/revisions"}],"predecessor-version":[{"id":5814,"href":"https:\/\/revistatrend.com\/index.php\/wp-json\/wp\/v2\/posts\/5811\/revisions\/5814"}],"wp:featuredmedia":[{"embeddable":true,"href":"https:\/\/revistatrend.com\/index.php\/wp-json\/wp\/v2\/media\/5812"}],"wp:attachment":[{"href":"https:\/\/revistatrend.com\/index.php\/wp-json\/wp\/v2\/media?parent=5811"}],"wp:term":[{"taxonomy":"category","embeddable":true,"href":"https:\/\/revistatrend.com\/index.php\/wp-json\/wp\/v2\/categories?post=5811"},{"taxonomy":"post_tag","embeddable":true,"href":"https:\/\/revistatrend.com\/index.php\/wp-json\/wp\/v2\/tags?post=5811"}],"curies":[{"name":"wp","href":"https:\/\/api.w.org\/{rel}","templated":true}]}}