{"id":5829,"date":"2024-04-02T00:18:07","date_gmt":"2024-04-02T00:18:07","guid":{"rendered":"https:\/\/revistatrend.com\/?p=5829"},"modified":"2024-04-02T00:18:07","modified_gmt":"2024-04-02T00:18:07","slug":"trend-excellence-edi-home","status":"publish","type":"post","link":"https:\/\/revistatrend.com\/index.php\/2024\/04\/02\/trend-excellence-edi-home\/","title":{"rendered":"TREND\u00a0 EXCELLENCE\u00a0 \u2013 \u201cEDI HOME&#8221;\u00a0"},"content":{"rendered":"<h2><strong>TREND\u00a0 EXCELLENCE\u00a0 \u2013 \u201cEDI HOME&#8221;\u00a0<\/strong><\/h2>\n<h4><strong>Perzgjedhur ne kategorine e \u201cProdhues\u201d ne \u201cAwards Business Trend Kosova 2024\u201d<\/strong><\/h4>\n<p><strong>\u201cAwards Business Trend Kosova 2024\u201d<\/strong>\u00a0\u00ebsht\u00eb evenimenti i vler\u00ebsimit t\u00eb bizneseve\u00a0 dhe subjekteve m\u00eb t\u00eb p\u00eblqyera n\u00eb Kosov\u00eb dhe jashte saj\u00a0 p\u00ebr sezonin 2023 \u2013 2024. Evenimenti po realizohet p\u00ebr her\u00eb t\u00eb par\u00eb n\u00eb Kosov\u00eb dhe p\u00ebr her\u00eb t\u00eb 7-t\u00eb n\u00eb Shqip\u00ebri. Pas fushat\u00ebs disa mujore t\u00eb sondazheve t\u00eb realizuara n\u00eb 3 rryma t\u00eb ndryshme, tashm\u00eb ambasador\u00ebt q\u00eb p\u00ebrfaq\u00ebsojn\u00eb ngjarjen m\u00eb t\u00eb madhe t\u00eb biznesit n\u00eb Kosov\u00eb, kan\u00eb dh\u00ebn\u00eb mendimet e tyre p\u00ebr bizneset dhe personazhet m\u00eb t\u00eb p\u00eblqyera p\u00ebr sezonin 2023 \u2013 2024. Juria profesionale e p\u00ebrb\u00ebr\u00eb nga \u201cTrend Ambassador\u201d n\u00eb emrat e shquar: Albina Kelmendi \u2013 Labinot Krasniqi, Teuta Krasniqi \u2013 Sellma Kasumoviq \u2013 Agnesa Vuthaj \u2013 Ilir Geci \u2013 Blerona Zeqiri \u2013 Arian Zeka \u2013 Shemsije Dermaku \u2013 Bedri Kasumi &amp; Kushtrim Ajvazi \u2013 Lena Krasniqi \u2013 Arian Idrizaj \u2013 Alban Zogjani \u2013 Agim Shanini. Ekipi Trend Ambassador 2024 shpreh vler\u00ebsimet maksimale p\u00ebr subjektet e perzgjedhura ne maratonen e publikimeve te tyre\u00a0 \u201d. Kliko:\u00a0<a href=\"https:\/\/www.youtube.com\/watch?v=V50sf73LUk8&amp;t=3s\">https:\/\/www.youtube.com\/watch?v=V50sf73LUk8&amp;t=3s<\/a><\/p>\n<h5><strong>&#8220;Edi Home&#8221;: Krijoni Hap\u00ebsir\u00ebn e \u00cbndrrave Tuaja<\/strong><\/h5>\n<p>N\u00ebse jeni n\u00eb k\u00ebrkim t\u00eb nj\u00eb ambienti modern dhe t\u00eb shk\u00eblqyesh\u00ebm p\u00ebr sht\u00ebpin\u00eb tuaj, &#8220;Edi Home&#8221; \u00ebsht\u00eb zgjedhja e duhur p\u00ebr ju. Specializuar n\u00eb prodhimin dhe montimin e dyerve dhe laminateve, ne ofrojm\u00eb nj\u00eb gam\u00eb t\u00eb gj\u00ebr\u00eb t\u00eb produkteve q\u00eb mund t\u00eb transformojn\u00eb m\u00ebnyr\u00ebn se si sht\u00ebpia juaj shfaqet dhe ndihet.<\/p>\n<p><img fetchpriority=\"high\" decoding=\"async\" class=\"alignnone size-full wp-image-5832\" src=\"https:\/\/revistatrend.com\/wp-content\/uploads\/2024\/04\/221822996_1844925945666786_2171474636058262688_n.jpg\" alt=\"\" width=\"2400\" height=\"906\" srcset=\"https:\/\/revistatrend.com\/wp-content\/uploads\/2024\/04\/221822996_1844925945666786_2171474636058262688_n.jpg 2400w, https:\/\/revistatrend.com\/wp-content\/uploads\/2024\/04\/221822996_1844925945666786_2171474636058262688_n-300x113.jpg 300w, https:\/\/revistatrend.com\/wp-content\/uploads\/2024\/04\/221822996_1844925945666786_2171474636058262688_n-1024x387.jpg 1024w, https:\/\/revistatrend.com\/wp-content\/uploads\/2024\/04\/221822996_1844925945666786_2171474636058262688_n-768x290.jpg 768w, https:\/\/revistatrend.com\/wp-content\/uploads\/2024\/04\/221822996_1844925945666786_2171474636058262688_n-1536x580.jpg 1536w, https:\/\/revistatrend.com\/wp-content\/uploads\/2024\/04\/221822996_1844925945666786_2171474636058262688_n-2048x773.jpg 2048w, https:\/\/revistatrend.com\/wp-content\/uploads\/2024\/04\/221822996_1844925945666786_2171474636058262688_n-150x57.jpg 150w, https:\/\/revistatrend.com\/wp-content\/uploads\/2024\/04\/221822996_1844925945666786_2171474636058262688_n-450x170.jpg 450w, https:\/\/revistatrend.com\/wp-content\/uploads\/2024\/04\/221822996_1844925945666786_2171474636058262688_n-1200x453.jpg 1200w\" sizes=\"(max-width: 2400px) 100vw, 2400px\" \/><\/p>\n<p>Dyshemat e drurit jan\u00eb nj\u00eb zgjedhje e shk\u00eblqyer p\u00ebr t\u00eb sjell\u00eb nj\u00eb atmosfer\u00eb t\u00eb ngroht\u00eb dhe t\u00eb natyrshme n\u00eb sht\u00ebpin\u00eb tuaj. Me nj\u00eb gam\u00eb t\u00eb gjer\u00eb llojesh druri si bambu, lisi, ose dru tik, ju mund t\u00eb zgjidhni at\u00eb q\u00eb p\u00ebrshtatet m\u00eb s\u00eb miri me preferencat tuaja. Pavar\u00ebsisht nga lloji, t\u00eb gjitha dyshemat e drurit jan\u00eb kujdesur p\u00ebr t\u00eb siguruar ngjyr\u00ebn e tyre t\u00eb pasur dhe t\u00eb parandaluar k\u00ebputjet dhe d\u00ebmtimet e tjera.<\/p>\n<p>Dyert tona t\u00eb brendshme japin nj\u00eb ndryshim t\u00eb duksh\u00ebm n\u00eb ambientin e sht\u00ebpis\u00eb suaj. Me fokus n\u00eb funksionalitet, stabilitet dhe estetik\u00eb t\u00eb jasht\u00ebzakonshme, produktet tona sigurojn\u00eb nj\u00eb komoditet dhe q\u00ebndrueshm\u00ebri t\u00eb cil\u00ebsis\u00eb s\u00eb lart\u00eb q\u00eb tejkalon standardet e industris\u00eb. Shnd\u00ebrroni \u00e7do dhom\u00eb n\u00eb nj\u00eb ambient modern dhe t\u00ebrheq\u00ebs me produktet e cil\u00ebsis\u00eb s\u00eb lart\u00eb nga &#8220;Edi Home&#8221;.<\/p>\n<p>Me dy lokacione n\u00eb Prizren dhe Malishev\u00eb, ne jemi t\u00eb angazhuar p\u00ebr t\u00eb sjell\u00eb cil\u00ebsi dhe inovacion n\u00eb \u00e7do sht\u00ebpi. K\u00ebshtu q\u00eb, p\u00ebr nj\u00eb ndryshim t\u00eb v\u00ebrtet\u00eb n\u00eb ambientin tuaj, zgjidhni &#8220;Edi Home&#8221; dhe b\u00ebni hapin e par\u00eb drejt nj\u00eb sht\u00ebpie m\u00eb moderne dhe m\u00eb t\u00ebrheq\u00ebse.<\/p>\n<p><img decoding=\"async\" class=\"alignnone size-full wp-image-5830\" src=\"https:\/\/revistatrend.com\/wp-content\/uploads\/2024\/04\/430720543_1095641654870497_6502453188219102456_n.jpg\" alt=\"\" width=\"1080\" height=\"1350\" srcset=\"https:\/\/revistatrend.com\/wp-content\/uploads\/2024\/04\/430720543_1095641654870497_6502453188219102456_n.jpg 1080w, https:\/\/revistatrend.com\/wp-content\/uploads\/2024\/04\/430720543_1095641654870497_6502453188219102456_n-240x300.jpg 240w, https:\/\/revistatrend.com\/wp-content\/uploads\/2024\/04\/430720543_1095641654870497_6502453188219102456_n-819x1024.jpg 819w, https:\/\/revistatrend.com\/wp-content\/uploads\/2024\/04\/430720543_1095641654870497_6502453188219102456_n-768x960.jpg 768w, https:\/\/revistatrend.com\/wp-content\/uploads\/2024\/04\/430720543_1095641654870497_6502453188219102456_n-150x188.jpg 150w, https:\/\/revistatrend.com\/wp-content\/uploads\/2024\/04\/430720543_1095641654870497_6502453188219102456_n-450x563.jpg 450w\" sizes=\"(max-width: 1080px) 100vw, 1080px\" \/><\/p>\n","protected":false},"excerpt":{"rendered":"<p>TREND\u00a0 EXCELLENCE\u00a0 \u2013 \u201cEDI HOME&#8221;\u00a0 Perzgjedhur ne kategorine e \u201cProdhues\u201d ne \u201cAwards Business Trend Kosova 2024\u201d \u201cAwards Business Trend Kosova 2024\u201d\u00a0\u00ebsht\u00eb evenimenti i vler\u00ebsimit t\u00eb bizneseve\u00a0 dhe subjekteve m\u00eb t\u00eb p\u00eblqyera n\u00eb Kosov\u00eb dhe jashte saj\u00a0 p\u00ebr sezonin 2023 \u2013 2024. Evenimenti po realizohet p\u00ebr her\u00eb t\u00eb par\u00eb n\u00eb Kosov\u00eb dhe p\u00ebr her\u00eb t\u00eb 7-t\u00eb<\/p>\n","protected":false},"author":1,"featured_media":5831,"comment_status":"open","ping_status":"open","sticky":false,"template":"","format":"standard","meta":{"footnotes":""},"categories":[125,32],"tags":[],"class_list":{"0":"post-5829","1":"post","2":"type-post","3":"status-publish","4":"format-standard","5":"has-post-thumbnail","7":"category-awards-kosova","8":"category-trend-business"},"_links":{"self":[{"href":"https:\/\/revistatrend.com\/index.php\/wp-json\/wp\/v2\/posts\/5829","targetHints":{"allow":["GET"]}}],"collection":[{"href":"https:\/\/revistatrend.com\/index.php\/wp-json\/wp\/v2\/posts"}],"about":[{"href":"https:\/\/revistatrend.com\/index.php\/wp-json\/wp\/v2\/types\/post"}],"author":[{"embeddable":true,"href":"https:\/\/revistatrend.com\/index.php\/wp-json\/wp\/v2\/users\/1"}],"replies":[{"embeddable":true,"href":"https:\/\/revistatrend.com\/index.php\/wp-json\/wp\/v2\/comments?post=5829"}],"version-history":[{"count":1,"href":"https:\/\/revistatrend.com\/index.php\/wp-json\/wp\/v2\/posts\/5829\/revisions"}],"predecessor-version":[{"id":5833,"href":"https:\/\/revistatrend.com\/index.php\/wp-json\/wp\/v2\/posts\/5829\/revisions\/5833"}],"wp:featuredmedia":[{"embeddable":true,"href":"https:\/\/revistatrend.com\/index.php\/wp-json\/wp\/v2\/media\/5831"}],"wp:attachment":[{"href":"https:\/\/revistatrend.com\/index.php\/wp-json\/wp\/v2\/media?parent=5829"}],"wp:term":[{"taxonomy":"category","embeddable":true,"href":"https:\/\/revistatrend.com\/index.php\/wp-json\/wp\/v2\/categories?post=5829"},{"taxonomy":"post_tag","embeddable":true,"href":"https:\/\/revistatrend.com\/index.php\/wp-json\/wp\/v2\/tags?post=5829"}],"curies":[{"name":"wp","href":"https:\/\/api.w.org\/{rel}","templated":true}]}}