{"id":5834,"date":"2024-04-02T00:27:43","date_gmt":"2024-04-02T00:27:43","guid":{"rendered":"https:\/\/revistatrend.com\/?p=5834"},"modified":"2024-04-02T00:27:43","modified_gmt":"2024-04-02T00:27:43","slug":"trend-excellence-vam-group","status":"publish","type":"post","link":"https:\/\/revistatrend.com\/index.php\/2024\/04\/02\/trend-excellence-vam-group\/","title":{"rendered":"TREND\u00a0 EXCELLENCE\u00a0 \u2013 \u201cVAM GROUP&#8221;"},"content":{"rendered":"<h2><strong>TREND\u00a0 EXCELLENCE\u00a0 \u2013 \u201cVAM GROUP&#8221;<\/strong><\/h2>\n<h4><strong>Perzgjedhur ne kategorine e \u201cProdhues&amp; Distributor \u201d ne \u201cAwards Business Trend Kosova 2024\u201d<\/strong><\/h4>\n<p><strong>\u201cAwards Business Trend Kosova 2024\u201d<\/strong>\u00a0\u00ebsht\u00eb evenimenti i vler\u00ebsimit t\u00eb bizneseve\u00a0 dhe subjekteve m\u00eb t\u00eb p\u00eblqyera n\u00eb Kosov\u00eb dhe jashte saj\u00a0 p\u00ebr sezonin 2023 \u2013 2024. Evenimenti po realizohet p\u00ebr her\u00eb t\u00eb par\u00eb n\u00eb Kosov\u00eb dhe p\u00ebr her\u00eb t\u00eb 7-t\u00eb n\u00eb Shqip\u00ebri. Pas fushat\u00ebs disa mujore t\u00eb sondazheve t\u00eb realizuara n\u00eb 3 rryma t\u00eb ndryshme, tashm\u00eb ambasador\u00ebt q\u00eb p\u00ebrfaq\u00ebsojn\u00eb ngjarjen m\u00eb t\u00eb madhe t\u00eb biznesit n\u00eb Kosov\u00eb, kan\u00eb dh\u00ebn\u00eb mendimet e tyre p\u00ebr bizneset dhe personazhet m\u00eb t\u00eb p\u00eblqyera p\u00ebr sezonin 2023 \u2013 2024. Juria profesionale e p\u00ebrb\u00ebr\u00eb nga \u201cTrend Ambassador\u201d n\u00eb emrat e shquar: Albina Kelmendi \u2013 Labinot Krasniqi, Teuta Krasniqi \u2013 Sellma Kasumoviq \u2013 Agnesa Vuthaj \u2013 Ilir Geci \u2013 Blerona Zeqiri \u2013 Arian Zeka \u2013 Shemsije Dermaku \u2013 Bedri Kasumi &amp; Kushtrim Ajvazi \u2013 Lena Krasniqi \u2013 Arian Idrizaj \u2013 Alban Zogjani \u2013 Agim Shanini. Ekipi Trend Ambassador 2024 shpreh vler\u00ebsimet maksimale p\u00ebr subjektet e perzgjedhura ne maratonen e publikimeve te tyre\u00a0 \u201d. Kliko:\u00a0<a href=\"https:\/\/www.youtube.com\/watch?v=V50sf73LUk8&amp;t=3s\">https:\/\/www.youtube.com\/watch?v=V50sf73LUk8&amp;t=3s<\/a><\/p>\n<h2><strong>\u201cVAM GROUP&#8221;<\/strong><\/h2>\n<p>Ne jemi nj\u00eb ekip q\u00eb i b\u00ebn \u00ebndrrat tuaja t\u00eb jet\u00ebs t\u00eb v\u00ebrteta bashk\u00eb me dyert. \u00c7do dyer jon\u00eb i zbukuron sht\u00ebpit\u00eb tuaja me eleganc\u00ebn e saj, duke i dh\u00ebn\u00eb hap\u00ebsirave tuaja nj\u00eb ndjesi t\u00eb ve\u00e7ant\u00eb. Me dizajne estetike dhe materiale t\u00eb kujdesosura, synojm\u00eb t\u00eb shtojm\u00eb ngroht\u00ebsi dhe stil n\u00eb hap\u00ebsir\u00ebn tuaj t\u00eb jetes\u00ebs.<\/p>\n<p><img fetchpriority=\"high\" decoding=\"async\" class=\"alignnone size-full wp-image-5835\" src=\"https:\/\/revistatrend.com\/wp-content\/uploads\/2024\/04\/301228626_5086316411477591_6227816015913609446_n.jpg\" alt=\"\" width=\"1230\" height=\"468\" srcset=\"https:\/\/revistatrend.com\/wp-content\/uploads\/2024\/04\/301228626_5086316411477591_6227816015913609446_n.jpg 1230w, https:\/\/revistatrend.com\/wp-content\/uploads\/2024\/04\/301228626_5086316411477591_6227816015913609446_n-300x114.jpg 300w, https:\/\/revistatrend.com\/wp-content\/uploads\/2024\/04\/301228626_5086316411477591_6227816015913609446_n-1024x390.jpg 1024w, https:\/\/revistatrend.com\/wp-content\/uploads\/2024\/04\/301228626_5086316411477591_6227816015913609446_n-768x292.jpg 768w, https:\/\/revistatrend.com\/wp-content\/uploads\/2024\/04\/301228626_5086316411477591_6227816015913609446_n-150x57.jpg 150w, https:\/\/revistatrend.com\/wp-content\/uploads\/2024\/04\/301228626_5086316411477591_6227816015913609446_n-450x171.jpg 450w, https:\/\/revistatrend.com\/wp-content\/uploads\/2024\/04\/301228626_5086316411477591_6227816015913609446_n-1200x457.jpg 1200w\" sizes=\"(max-width: 1230px) 100vw, 1230px\" \/><\/p>\n<p>Ne q\u00ebndrojm\u00eb besnik\u00eb ndaj standardeve t\u00eb larta t\u00eb cil\u00ebsis\u00eb p\u00ebr sigurin\u00eb dhe k\u00ebnaq\u00ebsin\u00eb tuaj dhe t\u00eb t\u00eb dashurve tuaj. Ju \u00ebnd\u00ebrroni, ne i b\u00ebjm\u00eb realitet. Ne jemi t\u00eb p\u00ebrkushtuar p\u00ebr t\u00eb ju p\u00ebrmbushur at\u00eb q\u00eb keni imagjinuar me dyert tona. Juve dhe sht\u00ebpis\u00eb tuaj i kushtojm\u00eb vler\u00eb.<\/p>\n<div class=\"col-sm-6 col-lg-4\">\n<div class=\"feature-box media-box\">\n<div class=\"fbox-media\"><span style=\"color: var(--c-headings); font-family: var(--text-h-font, inherit); font-size: 1.285em; font-weight: var(--title-fw-bold);\">Profesional Sh\u00ebrbimi<\/span><\/div>\n<div class=\"fbox-content px-0\">\n<p>Jemi k\u00ebtu p\u00ebr t\u00eb plot\u00ebsuar nevojat tuaja n\u00eb m\u00ebnyr\u00ebn m\u00eb t\u00eb mir\u00eb, duke ofruar sh\u00ebrbime profesionale t\u00eb specializuara p\u00ebr klient\u00ebt tan\u00eb.<\/p>\n<\/div>\n<\/div>\n<\/div>\n<div class=\"col-sm-6 col-lg-4\">\n<div class=\"feature-box media-box\">\n<div class=\"fbox-content px-0\">\n<h3>K\u00ebnaq\u00ebsia e Klientit<\/h3>\n<p>K\u00ebnaq\u00ebsia e klientit \u00ebsht\u00eb prioriteti yn\u00eb; me produkte cil\u00ebsore dhe sh\u00ebrbim t\u00eb shk\u00eblqyesh\u00ebm, synojm\u00eb t&#8217;ju ofrojm\u00eb nj\u00eb p\u00ebrvoj\u00eb t\u00eb k\u00ebnaqsh<\/p>\n<\/div>\n<\/div>\n<\/div>\n<div class=\"col-sm-6 col-lg-4\">\n<div class=\"feature-box media-box\">\n<div class=\"fbox-content px-0\">\n<h3>D\u00ebrgim i Shpejt\u00eb<\/h3>\n<p>D\u00ebrgesa tuaja realizohet n\u00eb m\u00ebnyr\u00eb t\u00eb shpejt\u00eb dhe t\u00eb sigurt\u00eb, duke zvog\u00ebluar koh\u00ebn e pritjes dhe duke ju leht\u00ebsuar pun\u00ebn tuaj.<\/p>\n<p><img decoding=\"async\" class=\"alignnone size-full wp-image-5837\" src=\"https:\/\/revistatrend.com\/wp-content\/uploads\/2024\/04\/hizli.jpg\" alt=\"\" width=\"1080\" height=\"788\" srcset=\"https:\/\/revistatrend.com\/wp-content\/uploads\/2024\/04\/hizli.jpg 1080w, https:\/\/revistatrend.com\/wp-content\/uploads\/2024\/04\/hizli-300x219.jpg 300w, https:\/\/revistatrend.com\/wp-content\/uploads\/2024\/04\/hizli-1024x747.jpg 1024w, https:\/\/revistatrend.com\/wp-content\/uploads\/2024\/04\/hizli-768x560.jpg 768w, https:\/\/revistatrend.com\/wp-content\/uploads\/2024\/04\/hizli-150x109.jpg 150w, https:\/\/revistatrend.com\/wp-content\/uploads\/2024\/04\/hizli-450x328.jpg 450w\" sizes=\"(max-width: 1080px) 100vw, 1080px\" \/><\/p>\n<\/div>\n<\/div>\n<\/div>\n<p>&nbsp;<\/p>\n","protected":false},"excerpt":{"rendered":"<p>TREND\u00a0 EXCELLENCE\u00a0 \u2013 \u201cVAM GROUP&#8221; Perzgjedhur ne kategorine e \u201cProdhues&amp; Distributor \u201d ne \u201cAwards Business Trend Kosova 2024\u201d \u201cAwards Business Trend Kosova 2024\u201d\u00a0\u00ebsht\u00eb evenimenti i vler\u00ebsimit t\u00eb bizneseve\u00a0 dhe subjekteve m\u00eb t\u00eb p\u00eblqyera n\u00eb Kosov\u00eb dhe jashte saj\u00a0 p\u00ebr sezonin 2023 \u2013 2024. Evenimenti po realizohet p\u00ebr her\u00eb t\u00eb par\u00eb n\u00eb Kosov\u00eb dhe p\u00ebr her\u00eb<\/p>\n","protected":false},"author":1,"featured_media":5836,"comment_status":"open","ping_status":"open","sticky":false,"template":"","format":"standard","meta":{"footnotes":""},"categories":[125,32],"tags":[],"class_list":{"0":"post-5834","1":"post","2":"type-post","3":"status-publish","4":"format-standard","5":"has-post-thumbnail","7":"category-awards-kosova","8":"category-trend-business"},"_links":{"self":[{"href":"https:\/\/revistatrend.com\/index.php\/wp-json\/wp\/v2\/posts\/5834","targetHints":{"allow":["GET"]}}],"collection":[{"href":"https:\/\/revistatrend.com\/index.php\/wp-json\/wp\/v2\/posts"}],"about":[{"href":"https:\/\/revistatrend.com\/index.php\/wp-json\/wp\/v2\/types\/post"}],"author":[{"embeddable":true,"href":"https:\/\/revistatrend.com\/index.php\/wp-json\/wp\/v2\/users\/1"}],"replies":[{"embeddable":true,"href":"https:\/\/revistatrend.com\/index.php\/wp-json\/wp\/v2\/comments?post=5834"}],"version-history":[{"count":1,"href":"https:\/\/revistatrend.com\/index.php\/wp-json\/wp\/v2\/posts\/5834\/revisions"}],"predecessor-version":[{"id":5838,"href":"https:\/\/revistatrend.com\/index.php\/wp-json\/wp\/v2\/posts\/5834\/revisions\/5838"}],"wp:featuredmedia":[{"embeddable":true,"href":"https:\/\/revistatrend.com\/index.php\/wp-json\/wp\/v2\/media\/5836"}],"wp:attachment":[{"href":"https:\/\/revistatrend.com\/index.php\/wp-json\/wp\/v2\/media?parent=5834"}],"wp:term":[{"taxonomy":"category","embeddable":true,"href":"https:\/\/revistatrend.com\/index.php\/wp-json\/wp\/v2\/categories?post=5834"},{"taxonomy":"post_tag","embeddable":true,"href":"https:\/\/revistatrend.com\/index.php\/wp-json\/wp\/v2\/tags?post=5834"}],"curies":[{"name":"wp","href":"https:\/\/api.w.org\/{rel}","templated":true}]}}