{"id":5839,"date":"2024-04-02T00:40:39","date_gmt":"2024-04-02T00:40:39","guid":{"rendered":"https:\/\/revistatrend.com\/?p=5839"},"modified":"2024-04-02T00:40:39","modified_gmt":"2024-04-02T00:40:39","slug":"trend-excellence-beghler-kosova","status":"publish","type":"post","link":"https:\/\/revistatrend.com\/index.php\/2024\/04\/02\/trend-excellence-beghler-kosova\/","title":{"rendered":"TREND\u00a0 EXCELLENCE\u00a0 \u2013 \u201cBEGHLER KOSOVA&#8221;"},"content":{"rendered":"<h2><strong>TREND\u00a0 EXCELLENCE\u00a0 \u2013 \u201cBEGHLER KOSOVA&#8221;<\/strong><\/h2>\n<h4><strong>Perzgjedhur ne kategorine e \u201cLight Distributor \u201d ne \u201cAwards Business Trend Kosova 2024\u201d<\/strong><\/h4>\n<p><strong>\u201cAwards Business Trend Kosova 2024\u201d<\/strong>\u00a0\u00ebsht\u00eb evenimenti i vler\u00ebsimit t\u00eb bizneseve\u00a0 dhe subjekteve m\u00eb t\u00eb p\u00eblqyera n\u00eb Kosov\u00eb dhe jashte saj\u00a0 p\u00ebr sezonin 2023 \u2013 2024. Evenimenti po realizohet p\u00ebr her\u00eb t\u00eb par\u00eb n\u00eb Kosov\u00eb dhe p\u00ebr her\u00eb t\u00eb 7-t\u00eb n\u00eb Shqip\u00ebri. Pas fushat\u00ebs disa mujore t\u00eb sondazheve t\u00eb realizuara n\u00eb 3 rryma t\u00eb ndryshme, tashm\u00eb ambasador\u00ebt q\u00eb p\u00ebrfaq\u00ebsojn\u00eb ngjarjen m\u00eb t\u00eb madhe t\u00eb biznesit n\u00eb Kosov\u00eb, kan\u00eb dh\u00ebn\u00eb mendimet e tyre p\u00ebr bizneset dhe personazhet m\u00eb t\u00eb p\u00eblqyera p\u00ebr sezonin 2023 \u2013 2024. Juria profesionale e p\u00ebrb\u00ebr\u00eb nga \u201cTrend Ambassador\u201d n\u00eb emrat e shquar: Albina Kelmendi \u2013 Labinot Krasniqi, Teuta Krasniqi \u2013 Sellma Kasumoviq \u2013 Agnesa Vuthaj \u2013 Ilir Geci \u2013 Blerona Zeqiri \u2013 Arian Zeka \u2013 Shemsije Dermaku \u2013 Bedri Kasumi &amp; Kushtrim Ajvazi \u2013 Lena Krasniqi \u2013 Arian Idrizaj \u2013 Alban Zogjani \u2013 Agim Shanini. Ekipi Trend Ambassador 2024 shpreh vler\u00ebsimet maksimale p\u00ebr subjektet e perzgjedhura ne maratonen e publikimeve te tyre\u00a0 \u201d. Kliko:\u00a0<a href=\"https:\/\/www.youtube.com\/watch?v=V50sf73LUk8&amp;t=3s\">https:\/\/www.youtube.com\/watch?v=V50sf73LUk8&amp;t=3s<\/a><\/p>\n<h3>Rreth Nesh<\/h3>\n<div class=\"subtitle\">BEGHLER \u00ebsht\u00eb nd\u00ebrmarrje e specializuar e shitjes me pakic\u00eb dhe shumic\u00eb e materialeve elektrike dhe ndri\u00e7imit me mbi 15 vjet p\u00ebrvoj\u00eb n\u00eb ofrimin e zgjedhjeve t\u00eb teknologjis\u00eb s\u00eb lart\u00eb t\u00eb ndri\u00e7imit n\u00eb rajon.<br \/>\n<img fetchpriority=\"high\" decoding=\"async\" class=\"alignnone size-full wp-image-5840\" src=\"https:\/\/revistatrend.com\/wp-content\/uploads\/2024\/04\/391691618_341201151773946_1282692588014948873_n.jpg\" alt=\"\" width=\"1080\" height=\"1350\" srcset=\"https:\/\/revistatrend.com\/wp-content\/uploads\/2024\/04\/391691618_341201151773946_1282692588014948873_n.jpg 1080w, https:\/\/revistatrend.com\/wp-content\/uploads\/2024\/04\/391691618_341201151773946_1282692588014948873_n-240x300.jpg 240w, https:\/\/revistatrend.com\/wp-content\/uploads\/2024\/04\/391691618_341201151773946_1282692588014948873_n-819x1024.jpg 819w, https:\/\/revistatrend.com\/wp-content\/uploads\/2024\/04\/391691618_341201151773946_1282692588014948873_n-768x960.jpg 768w, https:\/\/revistatrend.com\/wp-content\/uploads\/2024\/04\/391691618_341201151773946_1282692588014948873_n-150x188.jpg 150w, https:\/\/revistatrend.com\/wp-content\/uploads\/2024\/04\/391691618_341201151773946_1282692588014948873_n-450x563.jpg 450w\" sizes=\"(max-width: 1080px) 100vw, 1080px\" \/><br \/>\nBEGHLER ofron nj\u00eb gam\u00eb t\u00eb konsiderueshme t\u00eb produkteve elektrike q\u00eb mund t\u00eb p\u00ebrmbush nevojat e tregut. BEGHLER ka sjell n\u00eb treg t\u00eb gjitha produktet mbas testimeve strikte, n\u00eb m\u00ebnyr\u00eb q\u00eb t\u00eb garantoj\u00eb cil\u00ebsi dhe siguri. Me nd\u00ebrgjegj\u00ebsimin p\u00ebr teknologjit\u00eb LED q\u00eb po rriten vazhdimisht, BEGHLER ka pozicionuar produktet me efikasitet t\u00eb energjis\u00eb LED t\u00eb top brendeve Beghler dhe Lambario si dhe produkte tjera ky\u00e7e t\u00eb ndri\u00e7imit qoft\u00eb p\u00ebr sht\u00ebpi, zyre, ambient t\u00eb mbyllur apo at\u00eb t\u00eb hapur rrugor.<\/div>\n<div>\n<ul class=\"module-body\">\n<li class=\"menu-item links-menu-item links-menu-item-1\"><a href=\"https:\/\/beghlerks.com\/index.php?route=product\/category&amp;path=301\"><span class=\"links-text\">CEILING LUMINAIRE<\/span><\/a><\/li>\n<li class=\"menu-item links-menu-item links-menu-item-2\"><a href=\"https:\/\/beghlerks.com\/index.php?route=product\/category&amp;path=298\"><span class=\"links-text\">DESK LAMP<\/span><\/a><\/li>\n<li class=\"menu-item links-menu-item links-menu-item-3\"><a href=\"https:\/\/beghlerks.com\/index.php?route=product\/category&amp;path=302\"><span class=\"links-text\">GALERIE<\/span><\/a><\/li>\n<li class=\"menu-item links-menu-item links-menu-item-4\"><a href=\"https:\/\/beghlerks.com\/index.php?route=product\/category&amp;path=304\"><span class=\"links-text\">LAMPHOLDER<\/span><\/a><\/li>\n<li class=\"menu-item links-menu-item links-menu-item-5\"><a href=\"https:\/\/beghlerks.com\/index.php?route=product\/category&amp;path=300\"><span class=\"links-text\">PENDANT LUMINAIRE<\/span><\/a><\/li>\n<li class=\"menu-item links-menu-item links-menu-item-6\"><a href=\"https:\/\/beghlerks.com\/index.php?route=product\/category&amp;path=303\"><span class=\"links-text\">PICTURE LAMP<\/span><\/a><\/li>\n<li class=\"menu-item links-menu-item links-menu-item-7\"><a href=\"https:\/\/beghlerks.com\/index.php?route=product\/category&amp;path=297\"><span class=\"links-text\">PORTABLE LUMINAIRE<\/span><\/a><\/li>\n<li class=\"menu-item links-menu-item links-menu-item-8\"><a href=\"https:\/\/beghlerks.com\/index.php?route=product\/category&amp;path=299\"><span class=\"links-text\">WALL LAMP<\/span><\/a><\/li>\n<\/ul>\n<\/div>\n","protected":false},"excerpt":{"rendered":"<p>TREND\u00a0 EXCELLENCE\u00a0 \u2013 \u201cBEGHLER KOSOVA&#8221; Perzgjedhur ne kategorine e \u201cLight Distributor \u201d ne \u201cAwards Business Trend Kosova 2024\u201d \u201cAwards Business Trend Kosova 2024\u201d\u00a0\u00ebsht\u00eb evenimenti i vler\u00ebsimit t\u00eb bizneseve\u00a0 dhe subjekteve m\u00eb t\u00eb p\u00eblqyera n\u00eb Kosov\u00eb dhe jashte saj\u00a0 p\u00ebr sezonin 2023 \u2013 2024. Evenimenti po realizohet p\u00ebr her\u00eb t\u00eb par\u00eb n\u00eb Kosov\u00eb dhe p\u00ebr her\u00eb<\/p>\n","protected":false},"author":1,"featured_media":5841,"comment_status":"open","ping_status":"open","sticky":false,"template":"","format":"standard","meta":{"footnotes":""},"categories":[125,32],"tags":[],"class_list":{"0":"post-5839","1":"post","2":"type-post","3":"status-publish","4":"format-standard","5":"has-post-thumbnail","7":"category-awards-kosova","8":"category-trend-business"},"_links":{"self":[{"href":"https:\/\/revistatrend.com\/index.php\/wp-json\/wp\/v2\/posts\/5839","targetHints":{"allow":["GET"]}}],"collection":[{"href":"https:\/\/revistatrend.com\/index.php\/wp-json\/wp\/v2\/posts"}],"about":[{"href":"https:\/\/revistatrend.com\/index.php\/wp-json\/wp\/v2\/types\/post"}],"author":[{"embeddable":true,"href":"https:\/\/revistatrend.com\/index.php\/wp-json\/wp\/v2\/users\/1"}],"replies":[{"embeddable":true,"href":"https:\/\/revistatrend.com\/index.php\/wp-json\/wp\/v2\/comments?post=5839"}],"version-history":[{"count":1,"href":"https:\/\/revistatrend.com\/index.php\/wp-json\/wp\/v2\/posts\/5839\/revisions"}],"predecessor-version":[{"id":5842,"href":"https:\/\/revistatrend.com\/index.php\/wp-json\/wp\/v2\/posts\/5839\/revisions\/5842"}],"wp:featuredmedia":[{"embeddable":true,"href":"https:\/\/revistatrend.com\/index.php\/wp-json\/wp\/v2\/media\/5841"}],"wp:attachment":[{"href":"https:\/\/revistatrend.com\/index.php\/wp-json\/wp\/v2\/media?parent=5839"}],"wp:term":[{"taxonomy":"category","embeddable":true,"href":"https:\/\/revistatrend.com\/index.php\/wp-json\/wp\/v2\/categories?post=5839"},{"taxonomy":"post_tag","embeddable":true,"href":"https:\/\/revistatrend.com\/index.php\/wp-json\/wp\/v2\/tags?post=5839"}],"curies":[{"name":"wp","href":"https:\/\/api.w.org\/{rel}","templated":true}]}}