{"id":5859,"date":"2024-04-02T12:04:38","date_gmt":"2024-04-02T12:04:38","guid":{"rendered":"https:\/\/revistatrend.com\/?p=5859"},"modified":"2024-04-02T12:04:38","modified_gmt":"2024-04-02T12:04:38","slug":"trend-excellence-my-travel-rks","status":"publish","type":"post","link":"https:\/\/revistatrend.com\/index.php\/2024\/04\/02\/trend-excellence-my-travel-rks\/","title":{"rendered":"TREND\u00a0 EXCELLENCE\u00a0 \u2013 \u201cMY TRAVEL RKS&#8221;\u00a0"},"content":{"rendered":"<h2><strong>TREND\u00a0 EXCELLENCE\u00a0 \u2013 \u201cMY TRAVEL RKS&#8221;\u00a0<\/strong><\/h2>\n<h4><strong>Perzgjedhur ne kategorine e \u201cTRAVEL\u00a0 AGENCY \u201d ne \u201cAwards Business Trend Kosova 2024\u201d<\/strong><\/h4>\n<p><strong>\u201cAwards Business Trend Kosova 2024\u201d<\/strong>\u00a0\u00ebsht\u00eb evenimenti i vler\u00ebsimit t\u00eb bizneseve\u00a0 dhe subjekteve m\u00eb t\u00eb p\u00eblqyera n\u00eb Kosov\u00eb dhe jashte saj\u00a0 p\u00ebr sezonin 2023 \u2013 2024. Evenimenti po realizohet p\u00ebr her\u00eb t\u00eb par\u00eb n\u00eb Kosov\u00eb dhe p\u00ebr her\u00eb t\u00eb 7-t\u00eb n\u00eb Shqip\u00ebri. Pas fushat\u00ebs disa mujore t\u00eb sondazheve t\u00eb realizuara n\u00eb 3 rryma t\u00eb ndryshme, tashm\u00eb ambasador\u00ebt q\u00eb p\u00ebrfaq\u00ebsojn\u00eb ngjarjen m\u00eb t\u00eb madhe t\u00eb biznesit n\u00eb Kosov\u00eb, kan\u00eb dh\u00ebn\u00eb mendimet e tyre p\u00ebr bizneset dhe personazhet m\u00eb t\u00eb p\u00eblqyera p\u00ebr sezonin 2023 \u2013 2024. Juria profesionale e p\u00ebrb\u00ebr\u00eb nga \u201cTrend Ambassador\u201d n\u00eb emrat e shquar: Albina Kelmendi \u2013 Labinot Krasniqi, Teuta Krasniqi \u2013 Sellma Kasumoviq \u2013 Agnesa Vuthaj \u2013 Ilir Geci \u2013 Blerona Zeqiri \u2013 Arian Zeka \u2013 Shemsije Dermaku \u2013 Bedri Kasumi &amp; Kushtrim Ajvazi \u2013 Lena Krasniqi \u2013 Arian Idrizaj \u2013 Alban Zogjani \u2013 Agim Shanini. Ekipi Trend Ambassador 2024 shpreh vler\u00ebsimet maksimale p\u00ebr subjektet e perzgjedhura ne maratonen e publikimeve te tyre\u00a0 \u201d. Kliko:\u00a0<a href=\"https:\/\/www.youtube.com\/watch?v=V50sf73LUk8&amp;t=3s\">https:\/\/www.youtube.com\/watch?v=V50sf73LUk8&amp;t=3s<\/a><\/p>\n<div class=\"flex-1 overflow-hidden\">\n<div class=\"react-scroll-to-bottom--css-gutrv-79elbk h-full\">\n<div class=\"react-scroll-to-bottom--css-gutrv-1n7m0yu\">\n<div class=\"flex flex-col text-sm pb-9\">\n<div class=\"w-full text-token-text-primary\" data-testid=\"conversation-turn-7\">\n<div class=\"px-4 py-2 justify-center text-base md:gap-6 m-auto\">\n<div class=\"flex flex-1 text-base mx-auto gap-3 md:px-5 lg:px-1 xl:px-5 md:max-w-3xl lg:max-w-[40rem] xl:max-w-[48rem] group final-completion\">\n<div class=\"relative flex w-full flex-col agent-turn\">\n<div class=\"flex-col gap-1 md:gap-3\">\n<div class=\"flex flex-grow flex-col max-w-full\">\n<div class=\"min-h-[20px] text-message flex flex-col items-start gap-3 whitespace-pre-wrap break-words [.text-message+&amp;]:mt-5 overflow-x-auto\" data-message-author-role=\"assistant\" data-message-id=\"9dfa30b2-0eb1-450d-a95e-e980b26b7d45\">\n<div class=\"markdown prose w-full break-words dark:prose-invert light\">\n<h4>&#8221; My Travel Rks&#8221;<\/h4>\n<p>N\u00eb qytetin e Prishtin\u00ebs, nj\u00eb agjenci udh\u00ebtimesh ka arritur t\u00eb dallohet p\u00ebr sh\u00ebrbimin e saj t\u00eb jasht\u00ebzakonsh\u00ebm dhe p\u00ebrvoj\u00ebn e tij t\u00eb pasur n\u00eb fush\u00ebn e turizmit. &#8220;My Travel&#8221;, n\u00ebn drejtimin e Znj. Agnesa Sadiku Gjyshnic\u00ebs, \u00ebsht\u00eb nj\u00eb pik\u00eb referimi p\u00ebr t\u00eb gjith\u00eb ata q\u00eb d\u00ebshirojn\u00eb t\u00eb eksplorojn\u00eb bot\u00ebn dhe t\u00eb p\u00ebrjetojn\u00eb aventurat m\u00eb t\u00eb mahnitshme n\u00eb destinacionet m\u00eb t\u00eb bukura n\u00eb bot\u00eb.<\/p>\n<p>\u00c7far\u00eb dallon &#8220;My Travel&#8221; \u00ebsht\u00eb p\u00ebrq\u00ebndrimi i tyre i p\u00ebrkushtuar ndaj \u00e7do detaji t\u00eb udh\u00ebtimit t\u00eb klient\u00ebve t\u00eb tyre. Me nj\u00eb staf t\u00eb kualifikuar dhe t\u00eb p\u00ebrvojuar n\u00eb fush\u00ebn e turizmit, agjencia ofron nj\u00eb sh\u00ebrbim t\u00eb personalizuar dhe t\u00eb p\u00ebrshtatsh\u00ebm p\u00ebr \u00e7do k\u00ebrkes\u00eb dhe nevoj\u00eb t\u00eb udh\u00ebtar\u00ebve.<\/p>\n<p><img fetchpriority=\"high\" decoding=\"async\" class=\"alignnone size-full wp-image-5860\" src=\"https:\/\/revistatrend.com\/wp-content\/uploads\/2024\/04\/15822935_244986019272420_8345851952164860261_n.png\" alt=\"\" width=\"464\" height=\"464\" srcset=\"https:\/\/revistatrend.com\/wp-content\/uploads\/2024\/04\/15822935_244986019272420_8345851952164860261_n.png 464w, https:\/\/revistatrend.com\/wp-content\/uploads\/2024\/04\/15822935_244986019272420_8345851952164860261_n-300x300.png 300w, https:\/\/revistatrend.com\/wp-content\/uploads\/2024\/04\/15822935_244986019272420_8345851952164860261_n-150x150.png 150w, https:\/\/revistatrend.com\/wp-content\/uploads\/2024\/04\/15822935_244986019272420_8345851952164860261_n-450x450.png 450w\" sizes=\"(max-width: 464px) 100vw, 464px\" \/> <img decoding=\"async\" class=\"alignnone size-full wp-image-5861\" src=\"https:\/\/revistatrend.com\/wp-content\/uploads\/2024\/04\/1688886361743.jpeg\" alt=\"\" width=\"800\" height=\"800\" srcset=\"https:\/\/revistatrend.com\/wp-content\/uploads\/2024\/04\/1688886361743.jpeg 800w, https:\/\/revistatrend.com\/wp-content\/uploads\/2024\/04\/1688886361743-300x300.jpeg 300w, https:\/\/revistatrend.com\/wp-content\/uploads\/2024\/04\/1688886361743-150x150.jpeg 150w, https:\/\/revistatrend.com\/wp-content\/uploads\/2024\/04\/1688886361743-768x768.jpeg 768w, https:\/\/revistatrend.com\/wp-content\/uploads\/2024\/04\/1688886361743-450x450.jpeg 450w\" sizes=\"(max-width: 800px) 100vw, 800px\" \/><\/p>\n<p>Znj. Agnesa Sadiku Gjyshnica \u00ebsht\u00eb udh\u00ebheq\u00ebse e guximshme dhe e ndjeshme p\u00ebr nevojat e klient\u00ebve t\u00eb saj. Me nj\u00eb eksperienc\u00eb t\u00eb gjat\u00eb n\u00eb fush\u00ebn e agjencive turistike, ajo ka nd\u00ebrtuar nj\u00eb em\u00ebr t\u00eb respektuar p\u00ebr cil\u00ebsin\u00eb dhe sh\u00ebrbimin e shk\u00eblqyer.<\/p>\n<p>Nj\u00eb prej ve\u00e7orive kryesore t\u00eb &#8220;My Travel&#8221; \u00ebsht\u00eb oferta e tyre e gj\u00ebr\u00eb dhe e larmishme. P\u00ebrmes partneriteteve strategjike me linjat ajrore, hotelet dhe agjencit\u00eb lokale n\u00eb destinacionet m\u00eb t\u00eb bukura n\u00eb bot\u00eb, agjencia ofron oferta t\u00eb ve\u00e7anta dhe t\u00eb p\u00ebrshtatshme p\u00ebr \u00e7do tip t\u00eb udh\u00ebtimit dhe buxhetit.<\/p>\n<p>P\u00ebr klient\u00ebt e tyre, &#8220;My Travel&#8221; nuk \u00ebsht\u00eb vet\u00ebm nj\u00eb agjenci udh\u00ebtimesh &#8211; \u00ebsht\u00eb nj\u00eb partner p\u00ebr t\u00eb krijuar kujtime t\u00eb paharrueshme. P\u00ebrmes sh\u00ebrbimit t\u00eb tyre t\u00eb p\u00ebrmbajtsh\u00ebm dhe t\u00eb p\u00ebrshtatsh\u00ebm, ata sigurojn\u00eb q\u00eb \u00e7do udh\u00ebtim t\u00eb jet\u00eb nj\u00eb aventur\u00eb e mrekullueshme dhe e paharrueshme.<\/p>\n<p>N\u00eb nj\u00eb treg t\u00eb ndryshuar t\u00eb turizmit, &#8220;My Travel&#8221; dallohet p\u00ebr p\u00ebrkushtimin e tyre ndaj cil\u00ebsis\u00eb s\u00eb sh\u00ebrbimit dhe p\u00ebrvoj\u00ebs s\u00eb klientit. Me nj\u00eb vizion t\u00eb qart\u00eb p\u00ebr t\u00eb ofruar eksperienca t\u00eb mrekullueshme p\u00ebr udh\u00ebtar\u00ebt e tyre, ata vazhdojn\u00eb t\u00eb shk\u00eblqejn\u00eb dhe t\u00eb frym\u00ebzojn\u00eb n\u00eb bot\u00ebn e udh\u00ebtimit dhe aventur\u00ebs.<\/p>\n<p>&nbsp;<\/p>\n<\/div>\n<\/div>\n<\/div>\n<div class=\"mt-1 flex justify-start gap-3 empty:hidden\">\n<div class=\"text-gray-400 flex self-end lg:self-center items-center justify-center lg:justify-start mt-0 -ml-1 h-7 gap-[2px] visible\">\n<div class=\"flex items-center gap-1.5 text-xs\"><\/div>\n<div class=\"flex\"><\/div>\n<\/div>\n<\/div>\n<div class=\"pr-2 lg:pr-0\"><\/div>\n<\/div>\n<div class=\"absolute\">\n<div class=\"flex w-full gap-2 items-center justify-center\"><\/div>\n<\/div>\n<\/div>\n<\/div>\n<\/div>\n<\/div>\n<\/div>\n<\/div>\n<\/div>\n<\/div>\n<div class=\"w-full pt-2 md:pt-0 dark:border-white\/20 md:border-transparent md:dark:border-transparent md:w-[calc(100%-.5rem)]\">\n<form class=\"stretch mx-2 flex flex-row gap-3 last:mb-2 md:mx-4 md:last:mb-6 lg:mx-auto lg:max-w-2xl xl:max-w-3xl\">\n<div class=\"relative flex h-full flex-1 flex-col\">\n<div class=\"absolute bottom-full left-0 right-0\"><\/div>\n<div class=\"flex w-full items-center\"><\/div>\n<\/div>\n<\/form>\n<\/div>\n","protected":false},"excerpt":{"rendered":"<p>TREND\u00a0 EXCELLENCE\u00a0 \u2013 \u201cMY TRAVEL RKS&#8221;\u00a0 Perzgjedhur ne kategorine e \u201cTRAVEL\u00a0 AGENCY \u201d ne \u201cAwards Business Trend Kosova 2024\u201d \u201cAwards Business Trend Kosova 2024\u201d\u00a0\u00ebsht\u00eb evenimenti i vler\u00ebsimit t\u00eb bizneseve\u00a0 dhe subjekteve m\u00eb t\u00eb p\u00eblqyera n\u00eb Kosov\u00eb dhe jashte saj\u00a0 p\u00ebr sezonin 2023 \u2013 2024. Evenimenti po realizohet p\u00ebr her\u00eb t\u00eb par\u00eb n\u00eb Kosov\u00eb dhe p\u00ebr<\/p>\n","protected":false},"author":1,"featured_media":5860,"comment_status":"open","ping_status":"open","sticky":false,"template":"","format":"standard","meta":{"footnotes":""},"categories":[125,9,32],"tags":[],"class_list":{"0":"post-5859","1":"post","2":"type-post","3":"status-publish","4":"format-standard","5":"has-post-thumbnail","7":"category-awards-kosova","8":"category-travel","9":"category-trend-business"},"_links":{"self":[{"href":"https:\/\/revistatrend.com\/index.php\/wp-json\/wp\/v2\/posts\/5859","targetHints":{"allow":["GET"]}}],"collection":[{"href":"https:\/\/revistatrend.com\/index.php\/wp-json\/wp\/v2\/posts"}],"about":[{"href":"https:\/\/revistatrend.com\/index.php\/wp-json\/wp\/v2\/types\/post"}],"author":[{"embeddable":true,"href":"https:\/\/revistatrend.com\/index.php\/wp-json\/wp\/v2\/users\/1"}],"replies":[{"embeddable":true,"href":"https:\/\/revistatrend.com\/index.php\/wp-json\/wp\/v2\/comments?post=5859"}],"version-history":[{"count":1,"href":"https:\/\/revistatrend.com\/index.php\/wp-json\/wp\/v2\/posts\/5859\/revisions"}],"predecessor-version":[{"id":5866,"href":"https:\/\/revistatrend.com\/index.php\/wp-json\/wp\/v2\/posts\/5859\/revisions\/5866"}],"wp:featuredmedia":[{"embeddable":true,"href":"https:\/\/revistatrend.com\/index.php\/wp-json\/wp\/v2\/media\/5860"}],"wp:attachment":[{"href":"https:\/\/revistatrend.com\/index.php\/wp-json\/wp\/v2\/media?parent=5859"}],"wp:term":[{"taxonomy":"category","embeddable":true,"href":"https:\/\/revistatrend.com\/index.php\/wp-json\/wp\/v2\/categories?post=5859"},{"taxonomy":"post_tag","embeddable":true,"href":"https:\/\/revistatrend.com\/index.php\/wp-json\/wp\/v2\/tags?post=5859"}],"curies":[{"name":"wp","href":"https:\/\/api.w.org\/{rel}","templated":true}]}}