{"id":5915,"date":"2024-04-02T14:05:56","date_gmt":"2024-04-02T14:05:56","guid":{"rendered":"https:\/\/revistatrend.com\/?p=5915"},"modified":"2024-04-02T14:05:56","modified_gmt":"2024-04-02T14:05:56","slug":"i-degjova-rrahjet-e-zemres-roza-lati-rrefen-per-here-te-pare-abortin","status":"publish","type":"post","link":"https:\/\/revistatrend.com\/index.php\/2024\/04\/02\/i-degjova-rrahjet-e-zemres-roza-lati-rrefen-per-here-te-pare-abortin\/","title":{"rendered":"\u201cI d\u00ebgjova rrahjet e zemr\u00ebs\u201d\/ Roza Lati rr\u00ebfen p\u00ebr her\u00eb t\u00eb par\u00eb abortin!"},"content":{"rendered":"<p>Roza Lati p\u00ebr her\u00eb t\u00eb par\u00eb ka rr\u00ebfyer se ka abortuar nj\u00eb f\u00ebmij\u00eb, pa d\u00ebshir\u00ebn e partnerit. Nd\u00ebr t\u00eb tjera Roza ka rr\u00ebfyer se ky vendim ka qen\u00eb i v\u00ebshtir\u00eb p\u00ebr t\u00eb por pavar\u00ebsisht gjith\u00e7kaje ka vendosur ta nd\u00ebrpres\u00eb shtatz\u00ebnin\u00eb.<\/p>\n<p><img fetchpriority=\"high\" decoding=\"async\" class=\"alignnone size-full wp-image-5916\" src=\"https:\/\/revistatrend.com\/wp-content\/uploads\/2024\/04\/800-0-660bbde29edc8.png\" alt=\"\" width=\"800\" height=\"832\" srcset=\"https:\/\/revistatrend.com\/wp-content\/uploads\/2024\/04\/800-0-660bbde29edc8.png 800w, https:\/\/revistatrend.com\/wp-content\/uploads\/2024\/04\/800-0-660bbde29edc8-288x300.png 288w, https:\/\/revistatrend.com\/wp-content\/uploads\/2024\/04\/800-0-660bbde29edc8-768x799.png 768w, https:\/\/revistatrend.com\/wp-content\/uploads\/2024\/04\/800-0-660bbde29edc8-150x156.png 150w, https:\/\/revistatrend.com\/wp-content\/uploads\/2024\/04\/800-0-660bbde29edc8-450x468.png 450w\" sizes=\"(max-width: 800px) 100vw, 800px\" \/><\/p>\n<p>Pjes\u00eb nga rr\u00ebfimi:<\/p>\n<p>Erjola: A e di Rita?<\/p>\n<p>Roza: Jo mbrapa e mori vesh, se po ta dinte q\u00eb do b\u00ebja f\u00ebmij\u00eb do m\u00eb kishte z\u00ebn\u00eb der\u00ebn e klinik\u00ebs. N\u00eb momentin q\u00eb un\u00eb b\u00ebra testin dhe dola pozitiv jam habitur shum\u00eb, thash\u00eb \u00ebsht\u00eb i skaduar. Nga sht\u00ebpia te farmacia nuk e kam ndjer\u00eb tok\u00ebn, po m\u00eb rrihte zemra n\u00eb at\u00eb nivel sa nuk e ndjeja tok\u00ebn fare. Mora t\u00eb gjitha llojet e testeve dhe i provova n\u00eb sht\u00ebpi, t\u00eb gjitha m\u00eb dol\u00ebn pozitive. I kam d\u00ebgjuar rrahjet e zemr\u00ebs dhe aty un\u00eb jam thyer. Kur kam shkuar n\u00eb sht\u00ebpi kam marr\u00eb vendimin. Prandaj them q\u00eb nuk e l\u00eb veten t\u00eb vuaj. B\u00ebra nj\u00eb analiz\u00eb t\u00eb ardhmes time dhe thash\u00eb q\u00eb nuk \u00ebsht\u00eb momenti. Momentin q\u00eb vendosa ta nd\u00ebrpres aty kam rrahur veten me grushta. Kam kaluar nj\u00eb vit shum\u00eb t\u00eb v\u00ebshtir\u00eb, prandaj jam k\u00ebtu.<\/p>\n<p>Erjola: Po ai a e dinte?<\/p>\n<p>Roza: Po.<\/p>\n<p>Erjola: Ishe me t\u00eb kur e more vesh?<\/p>\n<p>Roza: Jo nuk ishte n\u00eb Shqip\u00ebri.<\/p>\n<p>Erjola: \u00c7far\u00eb t\u00eb tha?<\/p>\n<p>Roza: \u00c7far\u00eb karroce do t\u00eb marrim?<\/p>\n<p>Juli: Ai ishte dakord?<\/p>\n<p>Roza: Po, as se pyta fare.<\/p>\n<p>Graciano: Uaa!<\/p>\n<p>Roza: S&#8217;e pyes un\u00eb at\u00eb p\u00ebr krijes\u00ebn dhe f\u00ebmij\u00ebn tim.<\/p>\n","protected":false},"excerpt":{"rendered":"<p>Roza Lati p\u00ebr her\u00eb t\u00eb par\u00eb ka rr\u00ebfyer se ka abortuar nj\u00eb f\u00ebmij\u00eb, pa d\u00ebshir\u00ebn e partnerit. Nd\u00ebr t\u00eb tjera Roza ka rr\u00ebfyer se ky vendim ka qen\u00eb i v\u00ebshtir\u00eb p\u00ebr t\u00eb por pavar\u00ebsisht gjith\u00e7kaje ka vendosur ta nd\u00ebrpres\u00eb shtatz\u00ebnin\u00eb. Pjes\u00eb nga rr\u00ebfimi: Erjola: A e di Rita? Roza: Jo mbrapa e mori vesh, se<\/p>\n","protected":false},"author":1,"featured_media":5917,"comment_status":"open","ping_status":"open","sticky":false,"template":"","format":"standard","meta":{"footnotes":""},"categories":[10],"tags":[],"class_list":{"0":"post-5915","1":"post","2":"type-post","3":"status-publish","4":"format-standard","5":"has-post-thumbnail","7":"category-showbiz"},"_links":{"self":[{"href":"https:\/\/revistatrend.com\/index.php\/wp-json\/wp\/v2\/posts\/5915","targetHints":{"allow":["GET"]}}],"collection":[{"href":"https:\/\/revistatrend.com\/index.php\/wp-json\/wp\/v2\/posts"}],"about":[{"href":"https:\/\/revistatrend.com\/index.php\/wp-json\/wp\/v2\/types\/post"}],"author":[{"embeddable":true,"href":"https:\/\/revistatrend.com\/index.php\/wp-json\/wp\/v2\/users\/1"}],"replies":[{"embeddable":true,"href":"https:\/\/revistatrend.com\/index.php\/wp-json\/wp\/v2\/comments?post=5915"}],"version-history":[{"count":1,"href":"https:\/\/revistatrend.com\/index.php\/wp-json\/wp\/v2\/posts\/5915\/revisions"}],"predecessor-version":[{"id":5918,"href":"https:\/\/revistatrend.com\/index.php\/wp-json\/wp\/v2\/posts\/5915\/revisions\/5918"}],"wp:featuredmedia":[{"embeddable":true,"href":"https:\/\/revistatrend.com\/index.php\/wp-json\/wp\/v2\/media\/5917"}],"wp:attachment":[{"href":"https:\/\/revistatrend.com\/index.php\/wp-json\/wp\/v2\/media?parent=5915"}],"wp:term":[{"taxonomy":"category","embeddable":true,"href":"https:\/\/revistatrend.com\/index.php\/wp-json\/wp\/v2\/categories?post=5915"},{"taxonomy":"post_tag","embeddable":true,"href":"https:\/\/revistatrend.com\/index.php\/wp-json\/wp\/v2\/tags?post=5915"}],"curies":[{"name":"wp","href":"https:\/\/api.w.org\/{rel}","templated":true}]}}