{"id":5919,"date":"2024-04-02T14:08:18","date_gmt":"2024-04-02T14:08:18","guid":{"rendered":"https:\/\/revistatrend.com\/?p=5919"},"modified":"2024-04-02T14:08:18","modified_gmt":"2024-04-02T14:08:18","slug":"2-prilli-dita-boterore-e-ndergjegjesimit-mbi-autizmin","status":"publish","type":"post","link":"https:\/\/revistatrend.com\/index.php\/2024\/04\/02\/2-prilli-dita-boterore-e-ndergjegjesimit-mbi-autizmin\/","title":{"rendered":"2 prilli, Dita Bot\u00ebrore e Nd\u00ebrgjegj\u00ebsimit mbi Autizmin!"},"content":{"rendered":"<p>\u00c7do vit m\u00eb 2 prill festohet ngjarja globale e nd\u00ebrgjegj\u00ebsimit t\u00eb Dit\u00ebs Bot\u00ebrore t\u00eb Autizmit p\u00ebr t\u00eb rritur nd\u00ebrgjegj\u00ebsimin p\u00ebr \u00e7rregullimet e spektrit t\u00eb autizmit (ASD). Kjo dit\u00eb e ve\u00e7ant\u00eb synon t\u00eb nd\u00ebrgjegj\u00ebsoj\u00eb p\u00ebr autizmin si \u00e7rregullim dhe t\u00eb mb\u00ebshtes\u00eb ata q\u00eb vuajn\u00eb prej tij. \u00cbsht\u00eb nj\u00eb ngjarje globale e kujdesit sh\u00ebndet\u00ebsor q\u00eb fokusohet n\u00eb pranimin, mb\u00ebshtetjen dhe p\u00ebrfshirjen e personave autik\u00eb dhe mbrojtjen e t\u00eb drejtave t\u00eb tyre.<\/p>\n<p><img fetchpriority=\"high\" decoding=\"async\" class=\"alignnone size-full wp-image-5921\" src=\"https:\/\/revistatrend.com\/wp-content\/uploads\/2024\/04\/autizmi.jpg\" alt=\"\" width=\"800\" height=\"445\" srcset=\"https:\/\/revistatrend.com\/wp-content\/uploads\/2024\/04\/autizmi.jpg 800w, https:\/\/revistatrend.com\/wp-content\/uploads\/2024\/04\/autizmi-300x167.jpg 300w, https:\/\/revistatrend.com\/wp-content\/uploads\/2024\/04\/autizmi-768x427.jpg 768w, https:\/\/revistatrend.com\/wp-content\/uploads\/2024\/04\/autizmi-150x83.jpg 150w, https:\/\/revistatrend.com\/wp-content\/uploads\/2024\/04\/autizmi-450x250.jpg 450w\" sizes=\"(max-width: 800px) 100vw, 800px\" \/><\/p>\n<p>\u00c7far\u00eb \u00ebsht\u00eb Autizmi?<\/p>\n<p>\u00c7rregullimet e spektrit t\u00eb autizmit (ASD) jan\u00eb nj\u00eb grup i larmish\u00ebm i kushteve t\u00eb karakterizuara nga nj\u00eb far\u00eb shkalle v\u00ebshtir\u00ebsie me nd\u00ebrveprimin dhe komunikimin social. Karakteristika t\u00eb tjera p\u00ebrfshijn\u00eb modele atipike t\u00eb aktiviteteve dhe sjelljeve, t\u00eb tilla si v\u00ebshtir\u00ebsia me kalimin nga nj\u00eb aktivitet n\u00eb tjetrin, fokusi n\u00eb detaje dhe reagime t\u00eb pazakonta ndaj ndjesive.<\/p>\n<p>Shkaqet e autizmit!<\/p>\n<p>Nd\u00ebr disa shkaqe, prematuriteti ekstrem ose pesha e ul\u00ebt e lindjes, ekspozimi para lindjes ndaj ndotjes s\u00eb ajrit, obeziteti i n\u00ebn\u00ebs, diabeti, \u00e7rregullimet e sistemit imunitar ose gjenetika mund t\u00eb \u00e7ojn\u00eb n\u00eb zhvillimin e \u00e7rregullimeve t\u00eb spektrit t\u00eb autizmit.<\/p>\n<p>Faktor\u00ebt e rrezikut t\u00eb autizmit!<\/p>\n<p>Faktor\u00ebt e rrezikut p\u00ebrfshijn\u00eb t\u00eb paturit e nj\u00eb v\u00eblla ose mot\u00ebr me ASD, t\u00eb kesh kushte t\u00eb caktuara gjenetike ose kromozomale, t\u00eb p\u00ebrjetosh komplikime n\u00eb lindje ose t\u00eb lind\u00ebsh nga prind\u00ebr m\u00eb t\u00eb rritur.<\/p>\n<p>Simptomat e Autizmit!<\/p>\n<p>Shenjat e autizmit tek f\u00ebmij\u00ebt e vegj\u00ebl p\u00ebrfshijn\u00eb mosreagimin ndaj emrit t\u00eb tyre, shmangien e kontaktit me sy, l\u00ebvizjet e p\u00ebrs\u00ebritura dhe zhvillimin e vonuar t\u00eb t\u00eb folurit. Tek f\u00ebmij\u00ebt m\u00eb t\u00eb rritur, shenjat p\u00ebrfshijn\u00eb v\u00ebshtir\u00ebsi n\u00eb t\u00eb kuptuarit e mendimeve ose ndjenjave t\u00eb t\u00eb tjer\u00ebve, t\u00eb folurit e pazakont\u00eb, respektimin e rrept\u00eb t\u00eb rutinave dhe v\u00ebshtir\u00ebsin\u00eb p\u00ebr t\u00eb b\u00ebr\u00eb miq.<\/p>\n","protected":false},"excerpt":{"rendered":"<p>\u00c7do vit m\u00eb 2 prill festohet ngjarja globale e nd\u00ebrgjegj\u00ebsimit t\u00eb Dit\u00ebs Bot\u00ebrore t\u00eb Autizmit p\u00ebr t\u00eb rritur nd\u00ebrgjegj\u00ebsimin p\u00ebr \u00e7rregullimet e spektrit t\u00eb autizmit (ASD). Kjo dit\u00eb e ve\u00e7ant\u00eb synon t\u00eb nd\u00ebrgjegj\u00ebsoj\u00eb p\u00ebr autizmin si \u00e7rregullim dhe t\u00eb mb\u00ebshtes\u00eb ata q\u00eb vuajn\u00eb prej tij. \u00cbsht\u00eb nj\u00eb ngjarje globale e kujdesit sh\u00ebndet\u00ebsor q\u00eb fokusohet n\u00eb<\/p>\n","protected":false},"author":1,"featured_media":5920,"comment_status":"open","ping_status":"open","sticky":false,"template":"","format":"standard","meta":{"footnotes":""},"categories":[2],"tags":[],"class_list":{"0":"post-5919","1":"post","2":"type-post","3":"status-publish","4":"format-standard","5":"has-post-thumbnail","7":"category-lifestyle"},"_links":{"self":[{"href":"https:\/\/revistatrend.com\/index.php\/wp-json\/wp\/v2\/posts\/5919","targetHints":{"allow":["GET"]}}],"collection":[{"href":"https:\/\/revistatrend.com\/index.php\/wp-json\/wp\/v2\/posts"}],"about":[{"href":"https:\/\/revistatrend.com\/index.php\/wp-json\/wp\/v2\/types\/post"}],"author":[{"embeddable":true,"href":"https:\/\/revistatrend.com\/index.php\/wp-json\/wp\/v2\/users\/1"}],"replies":[{"embeddable":true,"href":"https:\/\/revistatrend.com\/index.php\/wp-json\/wp\/v2\/comments?post=5919"}],"version-history":[{"count":1,"href":"https:\/\/revistatrend.com\/index.php\/wp-json\/wp\/v2\/posts\/5919\/revisions"}],"predecessor-version":[{"id":5922,"href":"https:\/\/revistatrend.com\/index.php\/wp-json\/wp\/v2\/posts\/5919\/revisions\/5922"}],"wp:featuredmedia":[{"embeddable":true,"href":"https:\/\/revistatrend.com\/index.php\/wp-json\/wp\/v2\/media\/5920"}],"wp:attachment":[{"href":"https:\/\/revistatrend.com\/index.php\/wp-json\/wp\/v2\/media?parent=5919"}],"wp:term":[{"taxonomy":"category","embeddable":true,"href":"https:\/\/revistatrend.com\/index.php\/wp-json\/wp\/v2\/categories?post=5919"},{"taxonomy":"post_tag","embeddable":true,"href":"https:\/\/revistatrend.com\/index.php\/wp-json\/wp\/v2\/tags?post=5919"}],"curies":[{"name":"wp","href":"https:\/\/api.w.org\/{rel}","templated":true}]}}